{"id":71349,"date":"2018-11-07T13:40:39","date_gmt":"2018-11-07T16:40:39","guid":{"rendered":"http:\/\/www.caririemacao.com\/1\/?p=71349"},"modified":"2018-11-07T13:40:39","modified_gmt":"2018-11-07T16:40:39","slug":"haddad-visita-lula-em-curitiba-nesta-quarta-feira","status":"publish","type":"post","link":"https:\/\/www.caririemacao.com\/1\/2018\/11\/07\/haddad-visita-lula-em-curitiba-nesta-quarta-feira\/","title":{"rendered":"Haddad visita Lula em Curitiba nesta quarta-feira"},"content":{"rendered":"<p>O candidato derrotado do PT \u00e0 Presid\u00eancia, Fernando Haddad, vai se encontrar nesta quarta-feira (7), com o ex-presidente Luiz In\u00e1cio Lula da Silva em Curitiba, onde Lula cumpre pena por corrup\u00e7\u00e3o passiva e lavagem de dinheiro ap\u00f3s ser condenado na Opera\u00e7\u00e3o Lava Jato. Ser\u00e1 a primeira visita de Haddad ao ex-presidente desde o segundo turno da elei\u00e7\u00e3o presidencial.<\/p>\n<p>Na segunda-feira (5),\u00a0o ex-prefeito passou horas reunido com a presidente do PT, Gleisi Hoffmann, na sede do partido em S\u00e3o Paulo. O tema da conversa foi o futuro de Haddad.<br \/>\nassumir a presid\u00eancia do PT em julho do ano que vem, quando termina o mandato de Gleisi, \u00e9 remota.<\/p>\n<p>Al\u00e9m disso, o PT tenta montar uma agenda de viagens pelo Brasil para o ex-prefeito ainda este ano. A forma como Haddad vai ocupar papel de destaque na oposi\u00e7\u00e3o a Bolsonaro deve ser o tema principal da conversa entre o candidato e Lula.<\/p>\n<p>Na semana passada, o ex-presidente disse a advogados que foram visit\u00e1-lo que, embora tenha perdido a elei\u00e7\u00e3o, Haddad saiu da disputa maior do que entrou. Lula disse tamb\u00e9m que s\u00f3 depois do carnaval ser\u00e1 poss\u00edvel enxergar a verdadeira cara do governo Bolsonaro e tra\u00e7ar uma estrat\u00e9gia de oposi\u00e7\u00e3o de longo prazo.<\/p>\n<p>De acordo com Lula, o presidente eleito &#8220;n\u00e3o vai ser no governo a mesma pessoa que foi na campanha&#8221;. O ex-presidente espera que o sistema institucional de pesos e contrapesos imponha limites \u00e0 atua\u00e7\u00e3o de Bolsonaro.<\/p>\n<p>Not\u00edcias ao Minuto<\/p>\n","protected":false},"excerpt":{"rendered":"<p>O candidato derrotado do PT \u00e0 Presid\u00eancia, Fernando Haddad, vai se encontrar nesta quarta-feira (7), com o ex-presidente Luiz In\u00e1cio Lula da Silva em Curitiba,&hellip; <\/p>\n","protected":false},"author":1,"featured_media":63731,"comment_status":"closed","ping_status":"closed","sticky":false,"template":"","format":"standard","meta":{"sfsi_plus_gutenberg_text_before_share":"","sfsi_plus_gutenberg_show_text_before_share":"","sfsi_plus_gutenberg_icon_type":"","sfsi_plus_gutenberg_icon_alignemt":"","sfsi_plus_gutenburg_max_per_row":"","footnotes":""},"categories":[1],"tags":[],"class_list":["post-71349","post","type-post","status-publish","format-standard","has-post-thumbnail","hentry","category-o-site"],"_links":{"self":[{"href":"https:\/\/www.caririemacao.com\/1\/wp-json\/wp\/v2\/posts\/71349","targetHints":{"allow":["GET"]}}],"collection":[{"href":"https:\/\/www.caririemacao.com\/1\/wp-json\/wp\/v2\/posts"}],"about":[{"href":"https:\/\/www.caririemacao.com\/1\/wp-json\/wp\/v2\/types\/post"}],"author":[{"embeddable":true,"href":"https:\/\/www.caririemacao.com\/1\/wp-json\/wp\/v2\/users\/1"}],"replies":[{"embeddable":true,"href":"https:\/\/www.caririemacao.com\/1\/wp-json\/wp\/v2\/comments?post=71349"}],"version-history":[{"count":1,"href":"https:\/\/www.caririemacao.com\/1\/wp-json\/wp\/v2\/posts\/71349\/revisions"}],"predecessor-version":[{"id":71357,"href":"https:\/\/www.caririemacao.com\/1\/wp-json\/wp\/v2\/posts\/71349\/revisions\/71357"}],"wp:featuredmedia":[{"embeddable":true,"href":"https:\/\/www.caririemacao.com\/1\/wp-json\/wp\/v2\/media\/63731"}],"wp:attachment":[{"href":"https:\/\/www.caririemacao.com\/1\/wp-json\/wp\/v2\/media?parent=71349"}],"wp:term":[{"taxonomy":"category","embeddable":true,"href":"https:\/\/www.caririemacao.com\/1\/wp-json\/wp\/v2\/categories?post=71349"},{"taxonomy":"post_tag","embeddable":true,"href":"https:\/\/www.caririemacao.com\/1\/wp-json\/wp\/v2\/tags?post=71349"}],"curies":[{"name":"wp","href":"https:\/\/api.w.org\/{rel}","templated":true}]}}