{"id":71358,"date":"2018-11-07T13:43:00","date_gmt":"2018-11-07T16:43:00","guid":{"rendered":"http:\/\/www.caririemacao.com\/1\/?p=71358"},"modified":"2018-11-07T13:43:00","modified_gmt":"2018-11-07T16:43:00","slug":"bolsonaro-anuncia-extincao-do-ministerio-do-trabalho-pasta-deve-ser-integrada-a-outra","status":"publish","type":"post","link":"https:\/\/www.caririemacao.com\/1\/2018\/11\/07\/bolsonaro-anuncia-extincao-do-ministerio-do-trabalho-pasta-deve-ser-integrada-a-outra\/","title":{"rendered":"Bolsonaro anuncia extin\u00e7\u00e3o do Minist\u00e9rio do Trabalho; pasta deve ser integrada a outra"},"content":{"rendered":"<div class=\"mc-column content-text active-extra-styles active-capital-letter\" data-block-type=\"unstyled\" data-block-weight=\"28\" data-block-id=\"2\">\n<p class=\"content-text__container theme-color-primary-first-letter\" data-track-category=\"Link no Texto\" data-track-links=\"\">O presidente eleito Jair Bolsonaro afirmou nesta quarta-feira (7) que o Minist\u00e9rio do Trabalho, pasta criada h\u00e1 88 anos, ser\u00e1 incorporado \u201ca algum minist\u00e9rio\u201d. Ele n\u00e3o informou qual.<\/p>\n<\/div>\n<div class=\"wall protected-content\">\n<div class=\"mc-column content-text active-extra-styles \" data-block-type=\"unstyled\" data-block-weight=\"30\" data-block-id=\"3\">\n<p class=\"content-text__container \" data-track-category=\"Link no Texto\" data-track-links=\"\">Bolsonaro deu a declara\u00e7\u00e3o ap\u00f3s almo\u00e7o no Superior Tribunal de Justi\u00e7a (STJ), oferecido pelo presidente do tribunal e do qual tamb\u00e9m participou o juiz S\u00e9rgio Moro, futuro o ministro da Justi\u00e7a.<\/p>\n<\/div>\n<div class=\"mc-column content-text active-extra-styles \" data-block-type=\"unstyled\" data-block-weight=\"14\" data-block-id=\"4\">\n<p class=\"content-text__container \" data-track-category=\"Link no Texto\" data-track-links=\"\">\u201cO Minist\u00e9rio do Trabalho vai ser incorporado a algum minist\u00e9rio\u201d, disse o presidente eleito.<\/p>\n<\/div>\n<div class=\"mc-column content-text active-extra-styles \" data-block-type=\"unstyled\" data-block-weight=\"38\" data-block-id=\"5\">\n<p class=\"content-text__container \" data-track-category=\"Link no Texto\" data-track-links=\"\">Nesta ter\u00e7a-feira (6), o Minist\u00e9rio do Trabalho divulgou nota na qual afirma que a pasta \u201cseguramente capaz de coordenar as for\u00e7as produtivas\u201d a fim de \u201cbuscar o pleno emprego e a melhoria da qualidade de vida dos brasileiros\u201d.<\/p>\n<\/div>\n<div data-track-category=\"fim do conteudo\" data-track-action=\"ultimo chunk conteudo\" data-track-noninteraction=\"false\" data-track-scroll=\"entrada completa viewport\">\n<div class=\"mc-column content-text active-extra-styles \" data-block-type=\"unstyled\" data-block-weight=\"74\" data-block-id=\"6\">\n<p class=\"content-text__container \" data-track-category=\"Link no Texto\" data-track-links=\"\">\u201cO futuro do trabalho e suas m\u00faltiplas e complexas rela\u00e7\u00f5es precisam de um ambiente institucional adequado para a sua compatibiliza\u00e7\u00e3o produtiva, e o Minist\u00e9rio do Trabalho, que recebeu profundas melhorias nos \u00faltimos meses, \u00e9 seguramente capaz de coordenar as for\u00e7as produtivas no melhor caminho a ser trilhado pela Na\u00e7\u00e3o Brasileira, na efetiva\u00e7\u00e3o do comando constitucional de buscar o pleno emprego e a melhoria da qualidade de vida dos brasileiros\u201d, diz o texto da nota.<\/p>\n<p data-track-category=\"Link no Texto\" data-track-links=\"\">\n<p class=\"content-text__container \" data-track-category=\"Link no Texto\" data-track-links=\"\">G1<\/p>\n<\/div>\n<\/div>\n<\/div>\n","protected":false},"excerpt":{"rendered":"<p>O presidente eleito Jair Bolsonaro afirmou nesta quarta-feira (7) que o Minist\u00e9rio do Trabalho, pasta criada h\u00e1 88 anos, ser\u00e1 incorporado \u201ca algum minist\u00e9rio\u201d. Ele&hellip; <\/p>\n","protected":false},"author":1,"featured_media":70104,"comment_status":"closed","ping_status":"closed","sticky":false,"template":"","format":"standard","meta":{"sfsi_plus_gutenberg_text_before_share":"","sfsi_plus_gutenberg_show_text_before_share":"","sfsi_plus_gutenberg_icon_type":"","sfsi_plus_gutenberg_icon_alignemt":"","sfsi_plus_gutenburg_max_per_row":"","footnotes":""},"categories":[1],"tags":[],"class_list":["post-71358","post","type-post","status-publish","format-standard","has-post-thumbnail","hentry","category-o-site"],"_links":{"self":[{"href":"https:\/\/www.caririemacao.com\/1\/wp-json\/wp\/v2\/posts\/71358","targetHints":{"allow":["GET"]}}],"collection":[{"href":"https:\/\/www.caririemacao.com\/1\/wp-json\/wp\/v2\/posts"}],"about":[{"href":"https:\/\/www.caririemacao.com\/1\/wp-json\/wp\/v2\/types\/post"}],"author":[{"embeddable":true,"href":"https:\/\/www.caririemacao.com\/1\/wp-json\/wp\/v2\/users\/1"}],"replies":[{"embeddable":true,"href":"https:\/\/www.caririemacao.com\/1\/wp-json\/wp\/v2\/comments?post=71358"}],"version-history":[{"count":1,"href":"https:\/\/www.caririemacao.com\/1\/wp-json\/wp\/v2\/posts\/71358\/revisions"}],"predecessor-version":[{"id":71359,"href":"https:\/\/www.caririemacao.com\/1\/wp-json\/wp\/v2\/posts\/71358\/revisions\/71359"}],"wp:featuredmedia":[{"embeddable":true,"href":"https:\/\/www.caririemacao.com\/1\/wp-json\/wp\/v2\/media\/70104"}],"wp:attachment":[{"href":"https:\/\/www.caririemacao.com\/1\/wp-json\/wp\/v2\/media?parent=71358"}],"wp:term":[{"taxonomy":"category","embeddable":true,"href":"https:\/\/www.caririemacao.com\/1\/wp-json\/wp\/v2\/categories?post=71358"},{"taxonomy":"post_tag","embeddable":true,"href":"https:\/\/www.caririemacao.com\/1\/wp-json\/wp\/v2\/tags?post=71358"}],"curies":[{"name":"wp","href":"https:\/\/api.w.org\/{rel}","templated":true}]}}