{"id":71360,"date":"2018-11-07T13:46:05","date_gmt":"2018-11-07T16:46:05","guid":{"rendered":"http:\/\/www.caririemacao.com\/1\/?p=71360"},"modified":"2018-11-07T13:47:27","modified_gmt":"2018-11-07T16:47:27","slug":"stf-nega-pedido-da-defesa-para-arquivar-investigacao-sobre-cassio-cunha-lima-2","status":"publish","type":"post","link":"https:\/\/www.caririemacao.com\/1\/2018\/11\/07\/stf-nega-pedido-da-defesa-para-arquivar-investigacao-sobre-cassio-cunha-lima-2\/","title":{"rendered":"STF nega pedido da defesa para arquivar investiga\u00e7\u00e3o sobre C\u00e1ssio Cunha Lima"},"content":{"rendered":"<div class=\"td-header-wrap td-header-style-8\">\n<div class=\"td-header-menu-wrap-full td-container-wrap \">\n<div class=\"td-header-menu-wrap td-header-gradient td-affix\">\n<div class=\"td-container\">\n<div class=\"td-header-row td-header-main-menu\">\n<div id=\"td-header-menu\" role=\"navigation\">\n<div class=\"td-main-menu-logo td-logo-in-header td-logo-sticky\">O Supremo Tribunal Federal (STF) negou nesta ter\u00e7a-feira (6) um pedido da defesa do senador\u00a0C\u00e1ssio Cunha Lima\u00a0(PSDB-PB) para arquivar um inqu\u00e9rito no qual o parlamentar tucano \u00e9 alvo por suposta pr\u00e1tica de crime contra a ordem tribut\u00e1ria.<\/div>\n<\/div>\n<\/div>\n<\/div>\n<\/div>\n<\/div>\n<\/div>\n<div class=\"td-main-content-wrap td-container-wrap\">\n<div class=\"td-container td-post-template-1 \">\n<div class=\"td-pb-row\">\n<div class=\"td-pb-span8 td-main-content\" role=\"main\">\n<div class=\"td-ss-main-content\">\n<article id=\"post-130665\" class=\"post-130665 post type-post status-publish format-standard has-post-thumbnail hentry category-politica tag-manchete\">\n<div class=\"td-post-content\">\n<div class=\"wall protected-content\">\n<div class=\"mc-column content-text active-extra-styles \" data-block-type=\"unstyled\" data-block-weight=\"28\" data-block-id=\"3\">\n<p class=\"content-text__container \" data-track-category=\"Link no Texto\" data-track-links=\"\">O inqu\u00e9rito foi aberto em 2010 a partir de um relat\u00f3rio do Conselho de Controle de Atividades Financeiras (Coaf) que apontava movimenta\u00e7\u00f5es financeiras suspeitas envolvendo o senador paraibano.<\/p>\n<\/div>\n<div class=\"mc-column content-text active-extra-styles \" data-block-type=\"unstyled\" data-block-weight=\"54\" data-block-id=\"4\">\n<p class=\"content-text__container \" data-track-category=\"Link no Texto\" data-track-links=\"\">Neste ano, a relatora do caso no STF, ministra Rosa Weber, encaminhou a investiga\u00e7\u00e3o para a primeira inst\u00e2ncia da Justi\u00e7a na Para\u00edba porque as suspeitas ocorreram antes de Cunha Lima assumir o mandato de senador. Como foi derrotado em outubro na tentativa de reelei\u00e7\u00e3o, o tucano perder\u00e1 o foro privilegiado a partir de fevereiro.<\/p>\n<\/div>\n<div class=\"mc-column content-text active-extra-styles \" data-block-type=\"unstyled\" data-block-weight=\"36\" data-block-id=\"5\">\n<p class=\"content-text__container \" data-track-category=\"Link no Texto\" data-track-links=\"\">A defesa do senador paraibano, no entanto, recorreu da decis\u00e3o para pedir o arquivamento do caso sob a alega\u00e7\u00e3o de que, passados quase nove anos da investiga\u00e7\u00e3o, ainda n\u00e3o teriam sido colhidas provas contra Cunha Lima.<\/p>\n<\/div>\n<div class=\"mc-column content-text active-extra-styles \" data-block-type=\"unstyled\" data-block-weight=\"61\" data-block-id=\"6\">\n<p class=\"content-text__container \" data-track-category=\"Link no Texto\" data-track-links=\"\">A maioria dos ministros da Segunda Turma ponderou que o Minist\u00e9rio P\u00fablico, que conduz a apura\u00e7\u00e3o, aguarda uma per\u00edcia sobre registro de transa\u00e7\u00f5es banc\u00e1rias, obtida por meio de quebra do sigilo. Por isso, os magistrados decidiram manter a decis\u00e3o de Rosa Weber que havia enviado o caso \u00e0 primeira inst\u00e2ncia. Caber\u00e1 ao juiz da Paraba\u00edba analisar se a investiga\u00e7\u00e3o deve continuar.<\/p>\n<\/div>\n<div class=\"mc-column content-text active-extra-styles \" data-block-type=\"unstyled\" data-block-weight=\"31\" data-block-id=\"7\">\n<p class=\"content-text__container \" data-track-category=\"Link no Texto\" data-track-links=\"\">Votaram contra o arquivamento do inqu\u00e9rito e envio do caso \u00e0 primeira inst\u00e2ncia os ministros Rosa Weber, Lu\u00eds Roberto Barroso e Marco Aur\u00e9lio. Alexandre de Moraes votou a favor do arquivamento.<\/p>\n<\/div>\n<div data-track-category=\"fim do conteudo\" data-track-action=\"ultimo chunk conteudo\" data-track-noninteraction=\"false\" data-track-scroll=\"entrada completa viewport\">\n<div class=\"mc-column content-text active-extra-styles \" data-block-type=\"unstyled\" data-block-weight=\"39\" data-block-id=\"8\">\n<p class=\"content-text__container \" data-track-category=\"Link no Texto\" data-track-links=\"\">Na avalia\u00e7\u00e3o de Moraes, nas \u201cidas e vindas\u201d do inqu\u00e9rito, n\u00e3o foram encontradas provas contra o parlamentar tucano. Para ele, se surgissem, o caso poderia ser reaberto. A maioria dos integrantes da Primeira Turma, entretanto, decidiu manter a investiga\u00e7\u00e3o.<\/p>\n<p class=\"content-text__container \" data-track-category=\"Link no Texto\" data-track-links=\"\">G1<\/p>\n<\/div>\n<\/div>\n<\/div>\n<\/div>\n<\/article>\n<\/div>\n<\/div>\n<\/div>\n<\/div>\n<\/div>\n","protected":false},"excerpt":{"rendered":"<p>O Supremo Tribunal Federal (STF) negou nesta ter\u00e7a-feira (6) um pedido da defesa do senador\u00a0C\u00e1ssio Cunha Lima\u00a0(PSDB-PB) para arquivar um inqu\u00e9rito no qual o parlamentar&hellip; <\/p>\n","protected":false},"author":1,"featured_media":38686,"comment_status":"closed","ping_status":"closed","sticky":false,"template":"","format":"standard","meta":{"sfsi_plus_gutenberg_text_before_share":"","sfsi_plus_gutenberg_show_text_before_share":"","sfsi_plus_gutenberg_icon_type":"","sfsi_plus_gutenberg_icon_alignemt":"","sfsi_plus_gutenburg_max_per_row":"","footnotes":""},"categories":[1],"tags":[],"class_list":["post-71360","post","type-post","status-publish","format-standard","has-post-thumbnail","hentry","category-o-site"],"_links":{"self":[{"href":"https:\/\/www.caririemacao.com\/1\/wp-json\/wp\/v2\/posts\/71360","targetHints":{"allow":["GET"]}}],"collection":[{"href":"https:\/\/www.caririemacao.com\/1\/wp-json\/wp\/v2\/posts"}],"about":[{"href":"https:\/\/www.caririemacao.com\/1\/wp-json\/wp\/v2\/types\/post"}],"author":[{"embeddable":true,"href":"https:\/\/www.caririemacao.com\/1\/wp-json\/wp\/v2\/users\/1"}],"replies":[{"embeddable":true,"href":"https:\/\/www.caririemacao.com\/1\/wp-json\/wp\/v2\/comments?post=71360"}],"version-history":[{"count":2,"href":"https:\/\/www.caririemacao.com\/1\/wp-json\/wp\/v2\/posts\/71360\/revisions"}],"predecessor-version":[{"id":71363,"href":"https:\/\/www.caririemacao.com\/1\/wp-json\/wp\/v2\/posts\/71360\/revisions\/71363"}],"wp:featuredmedia":[{"embeddable":true,"href":"https:\/\/www.caririemacao.com\/1\/wp-json\/wp\/v2\/media\/38686"}],"wp:attachment":[{"href":"https:\/\/www.caririemacao.com\/1\/wp-json\/wp\/v2\/media?parent=71360"}],"wp:term":[{"taxonomy":"category","embeddable":true,"href":"https:\/\/www.caririemacao.com\/1\/wp-json\/wp\/v2\/categories?post=71360"},{"taxonomy":"post_tag","embeddable":true,"href":"https:\/\/www.caririemacao.com\/1\/wp-json\/wp\/v2\/tags?post=71360"}],"curies":[{"name":"wp","href":"https:\/\/api.w.org\/{rel}","templated":true}]}}