{"id":71364,"date":"2018-11-07T13:52:39","date_gmt":"2018-11-07T16:52:39","guid":{"rendered":"http:\/\/www.caririemacao.com\/1\/?p=71364"},"modified":"2018-11-07T13:52:39","modified_gmt":"2018-11-07T16:52:39","slug":"nao-e-o-momento-diz-bolsonaro-sobre-reajuste-de-salario-de-ministros-do-stf","status":"publish","type":"post","link":"https:\/\/www.caririemacao.com\/1\/2018\/11\/07\/nao-e-o-momento-diz-bolsonaro-sobre-reajuste-de-salario-de-ministros-do-stf\/","title":{"rendered":"\u2018N\u00e3o \u00e9 o momento\u2019, diz Bolsonaro sobre reajuste de sal\u00e1rio de ministros do STF"},"content":{"rendered":"<p>O Senado incluiu na pauta de vota\u00e7\u00f5es desta quarta-feira (7) um projeto de lei que aumenta o subs\u00eddio dos ministros do Supremo Tribunal Federal (STF) em 16,38%, de R$ 33.763,00 para R$ 39.293,32. A mat\u00e9ria foi inclu\u00edda na discuss\u00e3o depois que o presidente do Senado, Eun\u00edcio Oliveira (MDB-CE) aprovou o requerimento, no fim da sess\u00e3o de ontem. A proposta deve ser votada nesta quarta-feira, a partir das 16h.<\/p>\n<p>Em entrevista na manh\u00e3 desta quarta, o presidente eleito, Jair Bolsonaro, criticou a medida. \u201cObviamente que n\u00e3o \u00e9 o momento. O que est\u00e1 em jogo \u00e9 o futuro do Brasil. Vejo com preocupa\u00e7\u00e3o. Estamos todos no mesmo barco\u201d, disse Bolsonaro ao deixar reuni\u00e3o com o comandante da Aeron\u00e1utica, brigadeiro Nivaldo Rossato.<\/p>\n<p><em>Estad\u00e3o<\/em><\/p>\n","protected":false},"excerpt":{"rendered":"<p>O Senado incluiu na pauta de vota\u00e7\u00f5es desta quarta-feira (7) um projeto de lei que aumenta o subs\u00eddio dos ministros do Supremo Tribunal Federal (STF)&hellip; <\/p>\n","protected":false},"author":1,"featured_media":57196,"comment_status":"closed","ping_status":"closed","sticky":false,"template":"","format":"standard","meta":{"sfsi_plus_gutenberg_text_before_share":"","sfsi_plus_gutenberg_show_text_before_share":"","sfsi_plus_gutenberg_icon_type":"","sfsi_plus_gutenberg_icon_alignemt":"","sfsi_plus_gutenburg_max_per_row":"","footnotes":""},"categories":[1],"tags":[],"class_list":["post-71364","post","type-post","status-publish","format-standard","has-post-thumbnail","hentry","category-o-site"],"_links":{"self":[{"href":"https:\/\/www.caririemacao.com\/1\/wp-json\/wp\/v2\/posts\/71364","targetHints":{"allow":["GET"]}}],"collection":[{"href":"https:\/\/www.caririemacao.com\/1\/wp-json\/wp\/v2\/posts"}],"about":[{"href":"https:\/\/www.caririemacao.com\/1\/wp-json\/wp\/v2\/types\/post"}],"author":[{"embeddable":true,"href":"https:\/\/www.caririemacao.com\/1\/wp-json\/wp\/v2\/users\/1"}],"replies":[{"embeddable":true,"href":"https:\/\/www.caririemacao.com\/1\/wp-json\/wp\/v2\/comments?post=71364"}],"version-history":[{"count":1,"href":"https:\/\/www.caririemacao.com\/1\/wp-json\/wp\/v2\/posts\/71364\/revisions"}],"predecessor-version":[{"id":71365,"href":"https:\/\/www.caririemacao.com\/1\/wp-json\/wp\/v2\/posts\/71364\/revisions\/71365"}],"wp:featuredmedia":[{"embeddable":true,"href":"https:\/\/www.caririemacao.com\/1\/wp-json\/wp\/v2\/media\/57196"}],"wp:attachment":[{"href":"https:\/\/www.caririemacao.com\/1\/wp-json\/wp\/v2\/media?parent=71364"}],"wp:term":[{"taxonomy":"category","embeddable":true,"href":"https:\/\/www.caririemacao.com\/1\/wp-json\/wp\/v2\/categories?post=71364"},{"taxonomy":"post_tag","embeddable":true,"href":"https:\/\/www.caririemacao.com\/1\/wp-json\/wp\/v2\/tags?post=71364"}],"curies":[{"name":"wp","href":"https:\/\/api.w.org\/{rel}","templated":true}]}}