{"id":71366,"date":"2018-11-07T13:56:51","date_gmt":"2018-11-07T16:56:51","guid":{"rendered":"http:\/\/www.caririemacao.com\/1\/?p=71366"},"modified":"2018-11-07T13:56:51","modified_gmt":"2018-11-07T16:56:51","slug":"prefeita-exonera-servidores-e-proibe-gratificacoes-para-reduzir-gastos-na-pb","status":"publish","type":"post","link":"https:\/\/www.caririemacao.com\/1\/2018\/11\/07\/prefeita-exonera-servidores-e-proibe-gratificacoes-para-reduzir-gastos-na-pb\/","title":{"rendered":"Prefeita exonera servidores e pro\u00edbe gratifica\u00e7\u00f5es para reduzir gastos na PB"},"content":{"rendered":"<div class=\"mc-column content-text active-extra-styles active-capital-letter\" data-block-type=\"unstyled\" data-block-weight=\"57\" data-block-id=\"2\">\n<p data-track-category=\"Link no Texto\" data-track-links=\"\">A prefeita de S\u00e3o Jos\u00e9\u00a0do Brejo do Cruz,\u00a0Ana Maria da Silva Oliveira (PR),\u00a0publicou um decreto com uma s\u00e9rie de cortes de gastos no executivo municipal. A publica\u00e7\u00e3o consta no Di\u00e1rio Oficial dos Munic\u00edpios da Para\u00edba de ter\u00e7a-feira (6). O decreto exonerou todos os servidores contratados por excepcional interesse p\u00fablico e proibiu gratifica\u00e7\u00f5es.<\/p>\n<p class=\"content-text__container theme-color-primary-first-letter\" data-track-category=\"Link no Texto\" data-track-links=\"\">De acordo com a prefeitura, a queda da arrecada\u00e7\u00e3o do Brasil e da Para\u00edba devido \u00e0 crise pela qual o pa\u00eds passa diminuiu o repasse de verbas aos munic\u00edpios. O corte dos gastos atendem especificamente a um compromisso de manter em dia o pagamento dos fornecedores e dos servidores municipais, segundo a prefeita Ana Maria.<\/p>\n<\/div>\n<div class=\"wall protected-content\">\n<div class=\"mc-column content-text active-extra-styles \" data-block-type=\"unstyled\" data-block-weight=\"49\" data-block-id=\"4\">\n<p class=\"content-text__container \" data-track-category=\"Link no Texto\" data-track-links=\"\">Conforme o decreto, ainda ficam proibidas as concess\u00f5es de gratifica\u00e7\u00f5es aos funcion\u00e1rios de todos os n\u00edveis da gest\u00e3o, realiza\u00e7\u00e3o de compras em todas as secretarias ent\u00e3o condicionais a autoriza\u00e7\u00e3o, novas nomea\u00e7\u00f5es de servidores efetivos, contrata\u00e7\u00f5es, convoca\u00e7\u00f5es, salvo exig\u00eancia legal ou extraordin\u00e1ria e licen\u00e7a para Servidores tratar de interesses particulares.<\/p>\n<\/div>\n<div data-track-category=\"fim do conteudo\" data-track-action=\"ultimo chunk conteudo\" data-track-noninteraction=\"false\" data-track-scroll=\"entrada completa viewport\">\n<div class=\"mc-column content-text active-extra-styles \" data-block-type=\"unstyled\" data-block-weight=\"48\" data-block-id=\"5\">\n<p class=\"content-text__container \" data-track-category=\"Link no Texto\" data-track-links=\"\">Por fim, o decreto estabelece uma redu\u00e7\u00e3o de 20% nos gastos do executivo municipal com fornecimento de energia el\u00e9trica, telefonia, combust\u00edveis, servi\u00e7os de terceiros e loca\u00e7\u00e3o de ve\u00edculos. A justificativa maior da prefeita foi de que, caso n\u00e3o adotasse as medidas de conten\u00e7\u00e3o, terminaria o ano com d\u00e9ficit.<\/p>\n<p data-track-category=\"Link no Texto\" data-track-links=\"\">Blog do Gordinho<\/p>\n<\/div>\n<\/div>\n<\/div>\n","protected":false},"excerpt":{"rendered":"<p>A prefeita de S\u00e3o Jos\u00e9\u00a0do Brejo do Cruz,\u00a0Ana Maria da Silva Oliveira (PR),\u00a0publicou um decreto com uma s\u00e9rie de cortes de gastos no executivo municipal.&hellip; <\/p>\n","protected":false},"author":1,"featured_media":71367,"comment_status":"closed","ping_status":"closed","sticky":false,"template":"","format":"standard","meta":{"sfsi_plus_gutenberg_text_before_share":"","sfsi_plus_gutenberg_show_text_before_share":"","sfsi_plus_gutenberg_icon_type":"","sfsi_plus_gutenberg_icon_alignemt":"","sfsi_plus_gutenburg_max_per_row":"","footnotes":""},"categories":[11],"tags":[],"class_list":["post-71366","post","type-post","status-publish","format-standard","has-post-thumbnail","hentry","category-politica"],"_links":{"self":[{"href":"https:\/\/www.caririemacao.com\/1\/wp-json\/wp\/v2\/posts\/71366","targetHints":{"allow":["GET"]}}],"collection":[{"href":"https:\/\/www.caririemacao.com\/1\/wp-json\/wp\/v2\/posts"}],"about":[{"href":"https:\/\/www.caririemacao.com\/1\/wp-json\/wp\/v2\/types\/post"}],"author":[{"embeddable":true,"href":"https:\/\/www.caririemacao.com\/1\/wp-json\/wp\/v2\/users\/1"}],"replies":[{"embeddable":true,"href":"https:\/\/www.caririemacao.com\/1\/wp-json\/wp\/v2\/comments?post=71366"}],"version-history":[{"count":1,"href":"https:\/\/www.caririemacao.com\/1\/wp-json\/wp\/v2\/posts\/71366\/revisions"}],"predecessor-version":[{"id":71368,"href":"https:\/\/www.caririemacao.com\/1\/wp-json\/wp\/v2\/posts\/71366\/revisions\/71368"}],"wp:featuredmedia":[{"embeddable":true,"href":"https:\/\/www.caririemacao.com\/1\/wp-json\/wp\/v2\/media\/71367"}],"wp:attachment":[{"href":"https:\/\/www.caririemacao.com\/1\/wp-json\/wp\/v2\/media?parent=71366"}],"wp:term":[{"taxonomy":"category","embeddable":true,"href":"https:\/\/www.caririemacao.com\/1\/wp-json\/wp\/v2\/categories?post=71366"},{"taxonomy":"post_tag","embeddable":true,"href":"https:\/\/www.caririemacao.com\/1\/wp-json\/wp\/v2\/tags?post=71366"}],"curies":[{"name":"wp","href":"https:\/\/api.w.org\/{rel}","templated":true}]}}