{"id":71372,"date":"2018-11-07T14:07:22","date_gmt":"2018-11-07T17:07:22","guid":{"rendered":"http:\/\/www.caririemacao.com\/1\/?p=71372"},"modified":"2018-11-07T14:07:22","modified_gmt":"2018-11-07T17:07:22","slug":"empresa-gol-vai-penalizar-campina-grande-e-suspender-voo","status":"publish","type":"post","link":"https:\/\/www.caririemacao.com\/1\/2018\/11\/07\/empresa-gol-vai-penalizar-campina-grande-e-suspender-voo\/","title":{"rendered":"Empresa Gol vai penalizar Campina Grande e suspender voo"},"content":{"rendered":"<p>A empresa a\u00e9rea Gol anunciou que vai suspender, temporariamente, o voo do turno da tarde de Campina Grande para o Rio de Janeiro.<\/p>\n<div id=\"attachment_524436\" class=\"wp-caption aligncenter\"><img decoding=\"async\" class=\"wp-image-524436 size-full lazyloaded\" src=\"https:\/\/paraibaonline.com.br\/wp-content\/uploads\/2018\/11\/aeroporto-cg0711.jpg\" sizes=\"(max-width: 1024px) 100vw, 1024px\" srcset=\"https:\/\/paraibaonline.com.br\/wp-content\/uploads\/2018\/11\/aeroporto-cg0711.jpg 1024w, https:\/\/paraibaonline.com.br\/wp-content\/uploads\/2018\/11\/aeroporto-cg0711-567x407.jpg 567w, https:\/\/paraibaonline.com.br\/wp-content\/uploads\/2018\/11\/aeroporto-cg0711-900x646.jpg 900w\" alt=\"Foto: Ascom\" data-lazy-src=\"https:\/\/paraibaonline.com.br\/wp-content\/uploads\/2018\/11\/aeroporto-cg0711.jpg\" data-lazy-srcset=\"https:\/\/paraibaonline.com.br\/wp-content\/uploads\/2018\/11\/aeroporto-cg0711.jpg 1024w, https:\/\/paraibaonline.com.br\/wp-content\/uploads\/2018\/11\/aeroporto-cg0711-567x407.jpg 567w, https:\/\/paraibaonline.com.br\/wp-content\/uploads\/2018\/11\/aeroporto-cg0711-900x646.jpg 900w\" data-lazy-sizes=\"(max-width: 1024px) 100vw, 1024px\" data-was-processed=\"true\" \/><\/p>\n<p class=\"wp-caption-text\">Foto: Ascom<\/p>\n<\/div>\n<p>Conforme a informa\u00e7\u00e3o, ainda extraoficial, a suspens\u00e3o ocorrer\u00e1 at\u00e9 fevereiro pr\u00f3ximo.<\/p>\n<p>Mas as not\u00edcias nos bastidores do segmento tur\u00edstico d\u00e3o conta de que entre maio e junho de 2019 haver\u00e1 nova suspens\u00e3o no referido voo<\/p>\n<p>Para\u00edba Online<\/p>\n","protected":false},"excerpt":{"rendered":"<p>A empresa a\u00e9rea Gol anunciou que vai suspender, temporariamente, o voo do turno da tarde de Campina Grande para o Rio de Janeiro. Foto: Ascom&hellip; <\/p>\n","protected":false},"author":1,"featured_media":19482,"comment_status":"closed","ping_status":"closed","sticky":false,"template":"","format":"standard","meta":{"sfsi_plus_gutenberg_text_before_share":"","sfsi_plus_gutenberg_show_text_before_share":"","sfsi_plus_gutenberg_icon_type":"","sfsi_plus_gutenberg_icon_alignemt":"","sfsi_plus_gutenburg_max_per_row":"","footnotes":""},"categories":[2],"tags":[],"class_list":["post-71372","post","type-post","status-publish","format-standard","has-post-thumbnail","hentry","category-geral"],"_links":{"self":[{"href":"https:\/\/www.caririemacao.com\/1\/wp-json\/wp\/v2\/posts\/71372","targetHints":{"allow":["GET"]}}],"collection":[{"href":"https:\/\/www.caririemacao.com\/1\/wp-json\/wp\/v2\/posts"}],"about":[{"href":"https:\/\/www.caririemacao.com\/1\/wp-json\/wp\/v2\/types\/post"}],"author":[{"embeddable":true,"href":"https:\/\/www.caririemacao.com\/1\/wp-json\/wp\/v2\/users\/1"}],"replies":[{"embeddable":true,"href":"https:\/\/www.caririemacao.com\/1\/wp-json\/wp\/v2\/comments?post=71372"}],"version-history":[{"count":1,"href":"https:\/\/www.caririemacao.com\/1\/wp-json\/wp\/v2\/posts\/71372\/revisions"}],"predecessor-version":[{"id":71373,"href":"https:\/\/www.caririemacao.com\/1\/wp-json\/wp\/v2\/posts\/71372\/revisions\/71373"}],"wp:featuredmedia":[{"embeddable":true,"href":"https:\/\/www.caririemacao.com\/1\/wp-json\/wp\/v2\/media\/19482"}],"wp:attachment":[{"href":"https:\/\/www.caririemacao.com\/1\/wp-json\/wp\/v2\/media?parent=71372"}],"wp:term":[{"taxonomy":"category","embeddable":true,"href":"https:\/\/www.caririemacao.com\/1\/wp-json\/wp\/v2\/categories?post=71372"},{"taxonomy":"post_tag","embeddable":true,"href":"https:\/\/www.caririemacao.com\/1\/wp-json\/wp\/v2\/tags?post=71372"}],"curies":[{"name":"wp","href":"https:\/\/api.w.org\/{rel}","templated":true}]}}