{"id":71374,"date":"2018-11-07T14:11:52","date_gmt":"2018-11-07T17:11:52","guid":{"rendered":"http:\/\/www.caririemacao.com\/1\/?p=71374"},"modified":"2018-11-07T14:11:52","modified_gmt":"2018-11-07T17:11:52","slug":"alunos-e-professores-da-ufpe-tem-nomes-expostos-em-lista-com-ameacas","status":"publish","type":"post","link":"https:\/\/www.caririemacao.com\/1\/2018\/11\/07\/alunos-e-professores-da-ufpe-tem-nomes-expostos-em-lista-com-ameacas\/","title":{"rendered":"Alunos e professores da UFPE t\u00eam nomes expostos em lista com amea\u00e7as"},"content":{"rendered":"<div class=\"noticiacorpo\">\n<div>Panfletos distribu\u00eddos na Universidade Federal de Pernambuco (UFPE) mostram amea\u00e7as a professores e alunos da institui\u00e7\u00e3o nos \u00faltimos dias. Na noite dessa ter\u00e7a-feira (6), nas redes sociais, as postagens passaram a circular e chamaram a aten\u00e7\u00e3o, sobretudo, do eixo acad\u00eamico e estudantil. A lista \u00e9 intitulada de \u201cDoutrinadores e alunos que ser\u00e3o banidos do Centro de Filosofia e Ci\u00eancias Humanas (CFCH) em 2019\u201d. No fechamento, tamb\u00e9m \u00e9 feita alus\u00e3o ao presidente eleito Jair Bolsonaro: \u201co mito vem a\u00ed\u201d.<\/div>\n<div><\/div>\n<div>Um dos primeiros citados da lista, o soci\u00f3logo Jos\u00e9 Luiz Ratton, taxado como \u201cdoutrinador socialista que faz apologia ao uso de drogas\u201d, afirmou que provid\u00eancias legais est\u00e3o sendo tomadas\u201d. \u201cN\u00e3o \u00e9 a primeira vez que isto acontece na hist\u00f3ria do Brasil, nem ser\u00e1 a \u00faltima. O que cabe a n\u00f3s \u00e9 resistir de maneira racional, coletiva, sensata e firme, com estrat\u00e9gias de a\u00e7\u00e3o democr\u00e1ticas e cuidando muito uns dos outros\u201d. Ratton tamb\u00e9m cobrou pronunciamentos de autoridades dos poderes Executivo, Judici\u00e1rio, Legislativo e do Minist\u00e9rio P\u00fablico.<\/div>\n<div><\/div>\n<div>Ap\u00f3s ter fotos associadas a \u201cPinguim de Privataria\u201d em postes da UFPE, o professor de filosofia Rodrigo Jungmann prestou queixa \u00e0 Pol\u00edcia Federal. Em um dos cartazes, a foto dele est\u00e1 colocada e \u00e9 assinado pelo \u201cComit\u00ea de Luta contra o Golpe &#8211; UFPE\u201d. Procurado pela reportagem do Diario, Jungmann destacou rep\u00fadio a qualquer amea\u00e7a. \u201cFoi muito al\u00e9m desse cartaz. Aconteceu tamb\u00e9m uma amea\u00e7a de morte feita por um coment\u00e1rio em um v\u00eddeo meu pelo Youtube, h\u00e1 cerca de tr\u00eas meses, mas eu s\u00f3 vi isso agora. Isso faz parte da queixa crime que fiz \u00e0 Pol\u00edcia Federal. Continuo dando as aulas, mas isso est\u00e1 afetando a paz espiritual e fico com medo porque voc\u00ea fica olhando para os lados e com certo temor\u201d, relatou o acad\u00eamico.<\/div>\n<div><\/div>\n<div>Autoridades se posicionaram em rela\u00e7\u00e3o ao acontecimento. Em postagem publicada no Facebook, o promotor Ricardo Coelho repudiou amea\u00e7as feitas no ambiente acad\u00eamico. \u201cA academia \u00e9 o campo sagrado onde semeada a liberdade florescem id\u00e9ias, qualquer atitude repressiva de censura ou discrimina\u00e7\u00e3o deve ser tratada como crime contra a democracia e atentado ao estado democr\u00e1tico de Direito\u201d, pontua o membro do Minist\u00e9rio P\u00fablico.<\/div>\n<div><\/div>\n<div>No Instagram, a deputada federal eleita Mar\u00edlia Arraes (PT) destacou que o fato \u00e9 uma \u201cafronta \u00e0 democracia e \u00e0 autonomia da universidade p\u00fablica\u201d. Para a petista, \u201ctrata-se de mais uma tentativa dos que querem destruir a educa\u00e7\u00e3o superior p\u00fablica e gratuita no Brasil, constru\u00edda e consolidada gra\u00e7as a luta incans\u00e1vel de mulheres e homens de v\u00e1rias gera\u00e7\u00f5es que tanto nos ensinaram e que continuam nos inspirando\u201d.<\/div>\n<\/div>\n<p class=\"noticia_fonte\">Di\u00e1rio de Pernambuco<\/p>\n","protected":false},"excerpt":{"rendered":"<p>Panfletos distribu\u00eddos na Universidade Federal de Pernambuco (UFPE) mostram amea\u00e7as a professores e alunos da institui\u00e7\u00e3o nos \u00faltimos dias. Na noite dessa ter\u00e7a-feira (6), nas&hellip; <\/p>\n","protected":false},"author":1,"featured_media":71375,"comment_status":"closed","ping_status":"closed","sticky":false,"template":"","format":"standard","meta":{"sfsi_plus_gutenberg_text_before_share":"","sfsi_plus_gutenberg_show_text_before_share":"","sfsi_plus_gutenberg_icon_type":"","sfsi_plus_gutenberg_icon_alignemt":"","sfsi_plus_gutenburg_max_per_row":"","footnotes":""},"categories":[14],"tags":[],"class_list":["post-71374","post","type-post","status-publish","format-standard","has-post-thumbnail","hentry","category-educacao"],"_links":{"self":[{"href":"https:\/\/www.caririemacao.com\/1\/wp-json\/wp\/v2\/posts\/71374","targetHints":{"allow":["GET"]}}],"collection":[{"href":"https:\/\/www.caririemacao.com\/1\/wp-json\/wp\/v2\/posts"}],"about":[{"href":"https:\/\/www.caririemacao.com\/1\/wp-json\/wp\/v2\/types\/post"}],"author":[{"embeddable":true,"href":"https:\/\/www.caririemacao.com\/1\/wp-json\/wp\/v2\/users\/1"}],"replies":[{"embeddable":true,"href":"https:\/\/www.caririemacao.com\/1\/wp-json\/wp\/v2\/comments?post=71374"}],"version-history":[{"count":1,"href":"https:\/\/www.caririemacao.com\/1\/wp-json\/wp\/v2\/posts\/71374\/revisions"}],"predecessor-version":[{"id":71376,"href":"https:\/\/www.caririemacao.com\/1\/wp-json\/wp\/v2\/posts\/71374\/revisions\/71376"}],"wp:featuredmedia":[{"embeddable":true,"href":"https:\/\/www.caririemacao.com\/1\/wp-json\/wp\/v2\/media\/71375"}],"wp:attachment":[{"href":"https:\/\/www.caririemacao.com\/1\/wp-json\/wp\/v2\/media?parent=71374"}],"wp:term":[{"taxonomy":"category","embeddable":true,"href":"https:\/\/www.caririemacao.com\/1\/wp-json\/wp\/v2\/categories?post=71374"},{"taxonomy":"post_tag","embeddable":true,"href":"https:\/\/www.caririemacao.com\/1\/wp-json\/wp\/v2\/tags?post=71374"}],"curies":[{"name":"wp","href":"https:\/\/api.w.org\/{rel}","templated":true}]}}