{"id":71390,"date":"2018-11-07T17:16:21","date_gmt":"2018-11-07T20:16:21","guid":{"rendered":"http:\/\/www.caririemacao.com\/1\/?p=71390"},"modified":"2018-11-07T17:16:21","modified_gmt":"2018-11-07T20:16:21","slug":"policia-confirma-investigacao-para-descobrir-olheiro-da-quadrilha-que-assaltaria-agencia-dos-correios-de-sume","status":"publish","type":"post","link":"https:\/\/www.caririemacao.com\/1\/2018\/11\/07\/policia-confirma-investigacao-para-descobrir-olheiro-da-quadrilha-que-assaltaria-agencia-dos-correios-de-sume\/","title":{"rendered":"Pol\u00edcia confirma investiga\u00e7\u00e3o para descobrir \u201colheiro\u201d da quadrilha que assaltaria ag\u00eancia dos Correios de Sum\u00e9"},"content":{"rendered":"<p>A quadrilha presa na madrugada desta quarta-feira (07) em Bayeux revelou em depoimento na Central de Pol\u00edcia que estavam prontos para assaltar \u00e0 ag\u00eancia dos Correios do munic\u00edpio de Sum\u00e9, no Cariri do Estado. Em informa\u00e7\u00e3o\u00a0<strong>exclusiva<\/strong>dada pelo major T\u00falio ao portal\u00a0<strong>De Olho no Cariri<\/strong>, os bandidos disseram que j\u00e1 tinham um \u201cOlheiro\u201d da quadrilha na cidade de Sum\u00e9 e que realizariam o assalto \u00e0 unidade dos Correios na madrugada desta quarta-feira (07).<\/p>\n<p>De acordo com o Major T\u00falio, os assaltantes j\u00e1 estariam recebendo e colhendo informa\u00e7\u00f5es sobre a ag\u00eancia dos Correios de Sum\u00e9 h\u00e1 certo tempo em contato direto com um olheiro\u00a0da cidade de Sum\u00e9. A Delegacia de Pol\u00edcia de Sum\u00e9 j\u00e1 est\u00e1 de posse da informa\u00e7\u00e3o e tem investiga\u00e7\u00e3o em andamento com suspeitos dessa pr\u00e1tica criminosa.<\/p>\n<p>A quadrilha tinha integrantes pertencentes ao estado do Rio Grande do Norte e da Para\u00edba. Dois paraibanos eram fugitivos do presidio Silvio Porto da capital do Estado. A quadrilha ainda estaria recebendo ordens de dentro de pres\u00eddios de Jo\u00e3o Pessoa.<\/p>\n<p>As investiga\u00e7\u00f5es passar\u00e3o a ser comandadas agora pela pol\u00edcia civil e comandadas pelo delegado Dr. Wagner Dorta, que atrav\u00e9s do material colhido, ir\u00e1 desarticular e prender os demais integrantes da quadrilha especialista a assaltos a ag\u00eancias banc\u00e1rias no estado da Para\u00edba.<\/p>\n<p><strong>De Olho no Cariri<\/strong><\/p>\n","protected":false},"excerpt":{"rendered":"<p>A quadrilha presa na madrugada desta quarta-feira (07) em Bayeux revelou em depoimento na Central de Pol\u00edcia que estavam prontos para assaltar \u00e0 ag\u00eancia dos&hellip; <\/p>\n","protected":false},"author":1,"featured_media":71391,"comment_status":"closed","ping_status":"closed","sticky":false,"template":"","format":"standard","meta":{"sfsi_plus_gutenberg_text_before_share":"","sfsi_plus_gutenberg_show_text_before_share":"","sfsi_plus_gutenberg_icon_type":"","sfsi_plus_gutenberg_icon_alignemt":"","sfsi_plus_gutenburg_max_per_row":"","footnotes":""},"categories":[12],"tags":[],"class_list":["post-71390","post","type-post","status-publish","format-standard","has-post-thumbnail","hentry","category-policia"],"_links":{"self":[{"href":"https:\/\/www.caririemacao.com\/1\/wp-json\/wp\/v2\/posts\/71390","targetHints":{"allow":["GET"]}}],"collection":[{"href":"https:\/\/www.caririemacao.com\/1\/wp-json\/wp\/v2\/posts"}],"about":[{"href":"https:\/\/www.caririemacao.com\/1\/wp-json\/wp\/v2\/types\/post"}],"author":[{"embeddable":true,"href":"https:\/\/www.caririemacao.com\/1\/wp-json\/wp\/v2\/users\/1"}],"replies":[{"embeddable":true,"href":"https:\/\/www.caririemacao.com\/1\/wp-json\/wp\/v2\/comments?post=71390"}],"version-history":[{"count":1,"href":"https:\/\/www.caririemacao.com\/1\/wp-json\/wp\/v2\/posts\/71390\/revisions"}],"predecessor-version":[{"id":71392,"href":"https:\/\/www.caririemacao.com\/1\/wp-json\/wp\/v2\/posts\/71390\/revisions\/71392"}],"wp:featuredmedia":[{"embeddable":true,"href":"https:\/\/www.caririemacao.com\/1\/wp-json\/wp\/v2\/media\/71391"}],"wp:attachment":[{"href":"https:\/\/www.caririemacao.com\/1\/wp-json\/wp\/v2\/media?parent=71390"}],"wp:term":[{"taxonomy":"category","embeddable":true,"href":"https:\/\/www.caririemacao.com\/1\/wp-json\/wp\/v2\/categories?post=71390"},{"taxonomy":"post_tag","embeddable":true,"href":"https:\/\/www.caririemacao.com\/1\/wp-json\/wp\/v2\/tags?post=71390"}],"curies":[{"name":"wp","href":"https:\/\/api.w.org\/{rel}","templated":true}]}}