{"id":71394,"date":"2018-11-07T17:25:57","date_gmt":"2018-11-07T20:25:57","guid":{"rendered":"http:\/\/www.caririemacao.com\/1\/?p=71394"},"modified":"2018-11-07T17:25:57","modified_gmt":"2018-11-07T20:25:57","slug":"comitiva-de-sao-joao-do-tigre-participa-de-capacitacao-do-selo-unicef-em-campina-grande","status":"publish","type":"post","link":"https:\/\/www.caririemacao.com\/1\/2018\/11\/07\/comitiva-de-sao-joao-do-tigre-participa-de-capacitacao-do-selo-unicef-em-campina-grande\/","title":{"rendered":"Comitiva de S\u00e3o Jo\u00e3o do Tigre participa de capacita\u00e7\u00e3o do SELO UNICEF em Campina Grande"},"content":{"rendered":"<p style=\"font-weight: 400;\">Uma comitiva da cidade de S\u00e3o Jo\u00e3o do Tigre est\u00e1 participando de mais um ciclo de capacita\u00e7\u00e3o do Selo Unicef- Edi\u00e7\u00e3o 2017-2020.<\/p>\n<p style=\"font-weight: 400;\">O evento est\u00e1 acontecendo na cidade Campina Grande e \u00e9 realizado pelo Fundo das Na\u00e7\u00f5es Unidas para a Inf\u00e2ncia (Unicef) reunindo mais de 50 munic\u00edpios que aderiram ao selo.<\/p>\n<p style=\"font-weight: 400;\">O terceiro ciclo de capacita\u00e7\u00e3o foca em eixos tem\u00e1ticos. Na educa\u00e7\u00e3o ele vem trabalhar a plataforma do Busca Ativa Escolar, uma a\u00e7\u00e3o intersetorial, que visa exatamente identificar crian\u00e7as e adolescentes que est\u00e3o fora da escola.<\/p>\n<p style=\"font-weight: 400;\">Dessa forma, a estrat\u00e9gia \u00e9 bastante importante porque garante a matricula, o acesso e perman\u00eancia do aluno dentro da escola.<\/p>\n<p style=\"font-weight: 400;\">Ainda na educa\u00e7\u00e3o, o Unicef apresentou aos munic\u00edpios a plataforma de Trajet\u00f3ria de Sucesso Escolar, que est\u00e1 focada nos anos finais do ensino fundamental e tem como finalidade verificar a trajet\u00f3ria de acesso, perman\u00eancia e progress\u00e3o dos alunos.<\/p>\n<p style=\"font-weight: 400;\">Para que sejam certificados com o selo, os munic\u00edpios passam por uma avalia\u00e7\u00e3o de indicadores, especialmente os relacionados \u00e0 Sa\u00fade, Educa\u00e7\u00e3o e Assist\u00eancia Social, e a partir deles recebem um conjunto de metas a serem cumpridas para melhoria dos mesmos em um per\u00edodo de quatro anos.<\/p>\n<p>&nbsp;<\/p>\n<p>Ascom\/SST<\/p>\n","protected":false},"excerpt":{"rendered":"<p>Uma comitiva da cidade de S\u00e3o Jo\u00e3o do Tigre est\u00e1 participando de mais um ciclo de capacita\u00e7\u00e3o do Selo Unicef- Edi\u00e7\u00e3o 2017-2020. O evento est\u00e1&hellip; <\/p>\n","protected":false},"author":1,"featured_media":71395,"comment_status":"closed","ping_status":"closed","sticky":false,"template":"","format":"standard","meta":{"sfsi_plus_gutenberg_text_before_share":"","sfsi_plus_gutenberg_show_text_before_share":"","sfsi_plus_gutenberg_icon_type":"","sfsi_plus_gutenberg_icon_alignemt":"","sfsi_plus_gutenburg_max_per_row":"","footnotes":""},"categories":[2],"tags":[],"class_list":["post-71394","post","type-post","status-publish","format-standard","has-post-thumbnail","hentry","category-geral"],"_links":{"self":[{"href":"https:\/\/www.caririemacao.com\/1\/wp-json\/wp\/v2\/posts\/71394","targetHints":{"allow":["GET"]}}],"collection":[{"href":"https:\/\/www.caririemacao.com\/1\/wp-json\/wp\/v2\/posts"}],"about":[{"href":"https:\/\/www.caririemacao.com\/1\/wp-json\/wp\/v2\/types\/post"}],"author":[{"embeddable":true,"href":"https:\/\/www.caririemacao.com\/1\/wp-json\/wp\/v2\/users\/1"}],"replies":[{"embeddable":true,"href":"https:\/\/www.caririemacao.com\/1\/wp-json\/wp\/v2\/comments?post=71394"}],"version-history":[{"count":1,"href":"https:\/\/www.caririemacao.com\/1\/wp-json\/wp\/v2\/posts\/71394\/revisions"}],"predecessor-version":[{"id":71396,"href":"https:\/\/www.caririemacao.com\/1\/wp-json\/wp\/v2\/posts\/71394\/revisions\/71396"}],"wp:featuredmedia":[{"embeddable":true,"href":"https:\/\/www.caririemacao.com\/1\/wp-json\/wp\/v2\/media\/71395"}],"wp:attachment":[{"href":"https:\/\/www.caririemacao.com\/1\/wp-json\/wp\/v2\/media?parent=71394"}],"wp:term":[{"taxonomy":"category","embeddable":true,"href":"https:\/\/www.caririemacao.com\/1\/wp-json\/wp\/v2\/categories?post=71394"},{"taxonomy":"post_tag","embeddable":true,"href":"https:\/\/www.caririemacao.com\/1\/wp-json\/wp\/v2\/tags?post=71394"}],"curies":[{"name":"wp","href":"https:\/\/api.w.org\/{rel}","templated":true}]}}