{"id":71397,"date":"2018-11-07T17:48:03","date_gmt":"2018-11-07T20:48:03","guid":{"rendered":"http:\/\/www.caririemacao.com\/1\/?p=71397"},"modified":"2018-11-07T17:48:03","modified_gmt":"2018-11-07T20:48:03","slug":"supremo-pode-julgar-habeas-corpus-de-lula-ainda-neste-ano","status":"publish","type":"post","link":"https:\/\/www.caririemacao.com\/1\/2018\/11\/07\/supremo-pode-julgar-habeas-corpus-de-lula-ainda-neste-ano\/","title":{"rendered":"Supremo pode julgar habeas corpus de Lula ainda neste ano"},"content":{"rendered":"<div class=\"ads-980-100 hidden-sm hidden-md hidden-lg\">\n<div class=\"container-fluid\">\n<div class=\"row\">\n<div class=\"col-xs-12 col-sm-12 col-md-12 col-lg-12\"><\/div>\n<\/div>\n<\/div>\n<\/div>\n<div class=\"content\">\n<p>O ministro Edson Fachin, do Supremo Tribunal Federal (STF), disse hoje (7) acreditar na possibilidade de que seja julgado ainda neste ano na Corte o mais recente habeas corpus do ex-presidente Luiz In\u00e1cio Lula da Silva.<\/p>\n<p>A defesa pede a soltura de Lula sob o argumento de que o juiz federal S\u00e9rgio Moro n\u00e3o agiu com imparcialidade.<\/p>\n<p>\u201c\u00c9 poss\u00edvel, se os prazos forem cumpridos\u201d, afirmou Fachin, em sess\u00e3o plen\u00e1ria nesta quarta-feira (7).<\/p>\n<p>Ontem (6), ele deu prazo de cinco dias para Moro e o Tribunal Regional Federal da 4\u00aa Regi\u00e3o (TRF4) se manifestarem no processo.<\/p>\n<p>Em seguida, a Procuradoria-Geral da Rep\u00fablica ter\u00e1 o mesmo tempo para dar seu parecer.<\/p>\n<p>Questionado se o caso deve ser, de fato, apreciado na Segunda Turma, e n\u00e3o no plen\u00e1rio do STF, Fachin afirmou que sim.<\/p>\n<div id=\"attachment_495305\" class=\"wp-caption aligncenter\"><img decoding=\"async\" class=\"wp-image-495305 size-full lazyloaded\" src=\"https:\/\/paraibaonline.com.br\/wp-content\/uploads\/2018\/08\/lula3108.jpg\" sizes=\"(max-width: 1024px) 100vw, 1024px\" srcset=\"https:\/\/paraibaonline.com.br\/wp-content\/uploads\/2018\/08\/lula3108.jpg 1024w, https:\/\/paraibaonline.com.br\/wp-content\/uploads\/2018\/08\/lula3108-567x373.jpg 567w, https:\/\/paraibaonline.com.br\/wp-content\/uploads\/2018\/08\/lula3108-900x592.jpg 900w\" alt=\"Foto: Ascom\" data-lazy-src=\"https:\/\/paraibaonline.com.br\/wp-content\/uploads\/2018\/08\/lula3108.jpg\" data-lazy-srcset=\"https:\/\/paraibaonline.com.br\/wp-content\/uploads\/2018\/08\/lula3108.jpg 1024w, https:\/\/paraibaonline.com.br\/wp-content\/uploads\/2018\/08\/lula3108-567x373.jpg 567w, https:\/\/paraibaonline.com.br\/wp-content\/uploads\/2018\/08\/lula3108-900x592.jpg 900w\" data-lazy-sizes=\"(max-width: 1024px) 100vw, 1024px\" data-was-processed=\"true\" \/><\/p>\n<p class=\"wp-caption-text\">Foto: Ascom<\/p>\n<\/div>\n<p>\u201cA mat\u00e9ria \u00e9 pac\u00edfica sobre o tema, creio que n\u00e3o h\u00e1 raz\u00e3o de enviar para o plen\u00e1rio como houve em outras hip\u00f3teses que havia quest\u00f5es importantes para que o plen\u00e1rio definisse. Como h\u00e1 jurisprud\u00eancia assentada, a compet\u00eancia originariamente \u00e9 da Turma\u201d, disse.<\/p>\n<p>Para o ministro Gilmar Mendes, que tamb\u00e9m integra a Segunda Turma, no entanto, o mais recente pedido de liberdade de Lula deve voltar a ser discutido em plen\u00e1rio.<\/p>\n<p>\u201cEu acho que a mat\u00e9ria acabar\u00e1 vindo para o plen\u00e1rio, acho que \u00e9 natural\u201d, disse.<\/p>\n<p>\u201cA Turma \u00e9 que delibera. Acho que essa [de levar a plen\u00e1rio] \u00e9 que ser\u00e1 a avalia\u00e7\u00e3o. \u00c9 uma decis\u00e3o do colegiado, mas considerando a complexidade do tema, a delicadeza, os precedentes anteriores, \u00e9 de se esperar que seja essa a decis\u00e3o. Mas a Turma \u00e9 soberana\u201d, acrescentou Mendes.<\/p>\n<p>Lula est\u00e1 preso desde 7 de abril na Superintend\u00eancia da Pol\u00edcia Federal em Curitiba, ap\u00f3s ter sua condena\u00e7\u00e3o confirmada pelo TRF4, que imp\u00f4s pena de 12 anos e um m\u00eas de pris\u00e3o ao ex-presidente, pelos crimes de corrup\u00e7\u00e3o passiva e lavagem de dinheiro.<\/p>\n<p>Argumentos<br \/>\nNo pedido, a defesa de Lula volta a suscitar a suspei\u00e7\u00e3o do juiz S\u00e9rgio Moro para julgar Lula.<\/p>\n<p>Os argumentos foram refor\u00e7ados ap\u00f3s o magistrado ter aceitado o cargo de ministro da Justi\u00e7a no governo do presidente eleito, Jair Bolsonaro.<\/p>\n<p>Os advogados de Lula querem que seja reconhecida a suspei\u00e7\u00e3o de Moro para julgar processos contra o ex-presidente e que sejam considerados nulos todos os atos processuais que resultaram na condena\u00e7\u00e3o no caso do triplex do Guaruj\u00e1 (SP).<\/p>\n<p>O pedido ainda requer que sejam suspensas outras a\u00e7\u00f5es penais contra Lula que estavam sob a responsabilidade de Moro, como as que tratam de suposto favorecimento por meio da reforma de um s\u00edtio em Atibaia (SP) e de supostas propinas da empresa Odebrecht.<\/p>\n<p>Nesta \u00faltima, o depoimento do ex-presidente est\u00e1 marcado para 14 de novembro.<\/p>\n<p>\u201cLula est\u00e1 sendo v\u00edtima de verdadeira ca\u00e7ada judicial entabulada por um agente togado que se utilizou indevidamente de expedientes jur\u00eddicos para perseguir politicamente um cidad\u00e3o, buscando nulificar, uma a uma, suas liberdades e seus direitos\u201d, afirmam os advogados.<\/p>\n<p>Em entrevista concedida ontem (6), Moro rebateu os argumentos da defesa de Lula.<\/p>\n<p>\u201cIsso [o convite para ser ministro] n\u00e3o tem nada a ver com o processo do ex-presidente Luiz In\u00e1cio Lula da Silva. Ele foi condenado e preso porque cometeu um crime e n\u00e3o por causa das elei\u00e7\u00f5es\u201d, disse o juiz.<\/p>\n<p>&nbsp;<\/p>\n<\/div>\n","protected":false},"excerpt":{"rendered":"<p>O ministro Edson Fachin, do Supremo Tribunal Federal (STF), disse hoje (7) acreditar na possibilidade de que seja julgado ainda neste ano na Corte o&hellip; <\/p>\n","protected":false},"author":1,"featured_media":65148,"comment_status":"closed","ping_status":"closed","sticky":false,"template":"","format":"standard","meta":{"sfsi_plus_gutenberg_text_before_share":"","sfsi_plus_gutenberg_show_text_before_share":"","sfsi_plus_gutenberg_icon_type":"","sfsi_plus_gutenberg_icon_alignemt":"","sfsi_plus_gutenburg_max_per_row":"","footnotes":""},"categories":[1],"tags":[],"class_list":["post-71397","post","type-post","status-publish","format-standard","has-post-thumbnail","hentry","category-o-site"],"_links":{"self":[{"href":"https:\/\/www.caririemacao.com\/1\/wp-json\/wp\/v2\/posts\/71397","targetHints":{"allow":["GET"]}}],"collection":[{"href":"https:\/\/www.caririemacao.com\/1\/wp-json\/wp\/v2\/posts"}],"about":[{"href":"https:\/\/www.caririemacao.com\/1\/wp-json\/wp\/v2\/types\/post"}],"author":[{"embeddable":true,"href":"https:\/\/www.caririemacao.com\/1\/wp-json\/wp\/v2\/users\/1"}],"replies":[{"embeddable":true,"href":"https:\/\/www.caririemacao.com\/1\/wp-json\/wp\/v2\/comments?post=71397"}],"version-history":[{"count":1,"href":"https:\/\/www.caririemacao.com\/1\/wp-json\/wp\/v2\/posts\/71397\/revisions"}],"predecessor-version":[{"id":71400,"href":"https:\/\/www.caririemacao.com\/1\/wp-json\/wp\/v2\/posts\/71397\/revisions\/71400"}],"wp:featuredmedia":[{"embeddable":true,"href":"https:\/\/www.caririemacao.com\/1\/wp-json\/wp\/v2\/media\/65148"}],"wp:attachment":[{"href":"https:\/\/www.caririemacao.com\/1\/wp-json\/wp\/v2\/media?parent=71397"}],"wp:term":[{"taxonomy":"category","embeddable":true,"href":"https:\/\/www.caririemacao.com\/1\/wp-json\/wp\/v2\/categories?post=71397"},{"taxonomy":"post_tag","embeddable":true,"href":"https:\/\/www.caririemacao.com\/1\/wp-json\/wp\/v2\/tags?post=71397"}],"curies":[{"name":"wp","href":"https:\/\/api.w.org\/{rel}","templated":true}]}}