{"id":71403,"date":"2018-11-07T19:22:34","date_gmt":"2018-11-07T22:22:34","guid":{"rendered":"http:\/\/www.caririemacao.com\/1\/?p=71403"},"modified":"2018-11-07T21:04:29","modified_gmt":"2018-11-08T00:04:29","slug":"tereza-cristina-e-anunciada-por-bolsonaro-como-ministra-da-agricultura","status":"publish","type":"post","link":"https:\/\/www.caririemacao.com\/1\/2018\/11\/07\/tereza-cristina-e-anunciada-por-bolsonaro-como-ministra-da-agricultura\/","title":{"rendered":"Tereza Cristina \u00e9 anunciada por Bolsonaro como ministra da Agricultura"},"content":{"rendered":"<p>A deputada Tereza Cristina (DEM-MS), presidente da Frente Parlamentar da Agropecu\u00e1ria, acaba de ser confirmada como futura ministra da Agricultura. O nome dela foi aprovado pelos integrantes da bancada ruralista e levado ao presidente eleito Jair Bolsonaro, que aceitou a indica\u00e7\u00e3o.<\/p>\n<p>&#8220;Boa noite! Informo a todos a indica\u00e7\u00e3o da senhora Tereza Cristina da Costa Dias, Presidente da Frente Parlamentar da Agropecu\u00e1ria, ao posto de Ministra da Agricultura&#8221;, escreveu no Twitter o presidente eleito.<\/p>\n<p>Tereza se elegeu para o seu primeiro mandato em 2014 pelo PSB. Chegou a liderar a bancada. No fim do ano passado, trocou o partido pelo DEM ap\u00f3s contrariar a executiva nacional ao apoiar o governo Michel Temer. Mesmo filiada a uma legenda que fazia parte da coliga\u00e7\u00e3o de Geraldo Alckmin (PSDB), Tereza aderiu \u00e0 campanha de Bolsonaro ainda no primeiro turno. Ela representa uma bancada composta atualmente por 261 deputados e senadores.<\/p>\n<div class=\"bs-irp left bs-irp-text-2\">\n<div class=\"bs-pagination-wrapper main-term-none none \">\n<div class=\"listing listing-text listing-text-2 clearfix columns-1\">\n<div class=\"post-364312 type-post format-standard has-post-thumbnail listing-item listing-item-text listing-item-text-2 main-term-28383\">\n<div class=\"item-inner\">\n<div class=\"post-meta\">Na ocasi\u00e3o, em nome da frente, a deputada disse que o ent\u00e3o candidato do PSL era o que mais demonstrava afinidade com o setor rural. Segundo ela, a decis\u00e3o atendia a um \u201cclamor do setor produtivo nacional, de empreendedores individuais aos pequenos agricultores e representantes dos grandes neg\u00f3cios\u201d.<\/div>\n<\/div>\n<\/div>\n<\/div>\n<\/div>\n<\/div>\n<p>Veja o comunicado divulgado pela bancada ruralista nesta ter\u00e7a-feira e os parlamentares que apoiaram a indica\u00e7\u00e3o da deputada para o minist\u00e9rio:<\/p>\n<p><em>&#8220;Membros da Frente Parlamentar da Agropecu\u00e1ria (FPA) estiveram reunidos, hoje, com o presidente da Rep\u00fablica eleito Jair Bolsonaro.<\/em><\/p>\n<p><em>A bancada, ap\u00f3s consenso entre parlamentares e entidades representativas da Agropecu\u00e1ria, sugeriu o nome da deputada federal Tereza Cristina (DEM-MS), presidente de FPA, para o Minist\u00e9rio da Agricultura.<\/em><\/p>\n<p><em>Jair Bolsonaro aceitou a indica\u00e7\u00e3o e confirmou o nome da deputada Tereza Cristina para assumir a pasta.<\/em><\/p>\n<p><em>Assessoria de Imprensa FPA&#8221;\u00a0<\/em><br \/>\n<em>&#8216;<\/em><br \/>\n<em>Apoiaram a indica\u00e7\u00e3o de Tereza Cristina para o minist\u00e9rio os seguintes parlamentares:<\/em><\/p>\n<p><em>Lista de parlamentares presentes:<\/em><\/p>\n<p><em>Cidinho<\/em><br \/>\n<em>Bengtson\u00a0<\/em><br \/>\n<em>S\u00e9rgio Souza\u00a0<\/em><br \/>\n<em>Galli\u00a0<\/em><br \/>\n<em>Serraglio\u00a0<\/em><br \/>\n<em>Domingos S\u00e1vio<\/em><br \/>\n<em>Geraldo Resende\u00a0<\/em><br \/>\n<em>Hildo Rocha\u00a0<\/em><br \/>\n<em>Marcos montes\u00a0<\/em><br \/>\n<em>Maldaner\u00a0<\/em><br \/>\n<em>Alceu moreira\u00a0<\/em><br \/>\n<em>Evair de Melo\u00a0<\/em><br \/>\n<em>Z\u00e9 Silva\u00a0<\/em><br \/>\n<em>Nishimori\u00a0<\/em><br \/>\n<em>Covatti\u00a0<\/em><br \/>\n<em>Marquezelli\u00a0<\/em><br \/>\n<em>Peninha\u00a0<\/em><br \/>\n<em>J\u00falio C\u00e9sar<\/em><br \/>\n<em>Raquel Muniz\u00a0<\/em><br \/>\n<em>Haully\u00a0<\/em><br \/>\n<em>Afonso Hamm\u00a0<\/em><br \/>\n<em>Edinho Bez\u00a0<\/em><br \/>\n<em>Alan Rick\u00a0<\/em><br \/>\n<em>Newton Cardoso Jr\u00a0<\/em><br \/>\n<em>Heuler Cruvinel<\/em><br \/>\n<em>F\u00e1bio Garcia\u00a0<\/em><br \/>\n<em>Giovani Cherini\u00a0<\/em><br \/>\n<em>Renato Andrade<\/em><br \/>\n<em>Nilson Leit\u00e3o<\/em><br \/>\n<em>Ronaldo Caiado<\/em><\/p>\n<p style=\"text-align: right;\"><b><i>Congresso<\/i><\/b><em><b>\u00a0em Foco\/Foto: Reprodu\u00e7\u00e3o\u00a0\u00a0<\/b><\/em><\/p>\n","protected":false},"excerpt":{"rendered":"<p>A deputada Tereza Cristina (DEM-MS), presidente da Frente Parlamentar da Agropecu\u00e1ria, acaba de ser confirmada como futura ministra da Agricultura. O nome dela foi aprovado&hellip; <\/p>\n","protected":false},"author":1,"featured_media":71404,"comment_status":"closed","ping_status":"closed","sticky":false,"template":"","format":"standard","meta":{"sfsi_plus_gutenberg_text_before_share":"","sfsi_plus_gutenberg_show_text_before_share":"","sfsi_plus_gutenberg_icon_type":"","sfsi_plus_gutenberg_icon_alignemt":"","sfsi_plus_gutenburg_max_per_row":"","footnotes":""},"categories":[11],"tags":[],"class_list":["post-71403","post","type-post","status-publish","format-standard","has-post-thumbnail","hentry","category-politica"],"_links":{"self":[{"href":"https:\/\/www.caririemacao.com\/1\/wp-json\/wp\/v2\/posts\/71403","targetHints":{"allow":["GET"]}}],"collection":[{"href":"https:\/\/www.caririemacao.com\/1\/wp-json\/wp\/v2\/posts"}],"about":[{"href":"https:\/\/www.caririemacao.com\/1\/wp-json\/wp\/v2\/types\/post"}],"author":[{"embeddable":true,"href":"https:\/\/www.caririemacao.com\/1\/wp-json\/wp\/v2\/users\/1"}],"replies":[{"embeddable":true,"href":"https:\/\/www.caririemacao.com\/1\/wp-json\/wp\/v2\/comments?post=71403"}],"version-history":[{"count":1,"href":"https:\/\/www.caririemacao.com\/1\/wp-json\/wp\/v2\/posts\/71403\/revisions"}],"predecessor-version":[{"id":71405,"href":"https:\/\/www.caririemacao.com\/1\/wp-json\/wp\/v2\/posts\/71403\/revisions\/71405"}],"wp:featuredmedia":[{"embeddable":true,"href":"https:\/\/www.caririemacao.com\/1\/wp-json\/wp\/v2\/media\/71404"}],"wp:attachment":[{"href":"https:\/\/www.caririemacao.com\/1\/wp-json\/wp\/v2\/media?parent=71403"}],"wp:term":[{"taxonomy":"category","embeddable":true,"href":"https:\/\/www.caririemacao.com\/1\/wp-json\/wp\/v2\/categories?post=71403"},{"taxonomy":"post_tag","embeddable":true,"href":"https:\/\/www.caririemacao.com\/1\/wp-json\/wp\/v2\/tags?post=71403"}],"curies":[{"name":"wp","href":"https:\/\/api.w.org\/{rel}","templated":true}]}}