{"id":71406,"date":"2018-11-07T19:35:32","date_gmt":"2018-11-07T22:35:32","guid":{"rendered":"http:\/\/www.caririemacao.com\/1\/?p=71406"},"modified":"2018-11-07T19:35:32","modified_gmt":"2018-11-07T22:35:32","slug":"com-261-parlamentares-bancada-ruralista-declara-apoio-a-bolsonaro","status":"publish","type":"post","link":"https:\/\/www.caririemacao.com\/1\/2018\/11\/07\/com-261-parlamentares-bancada-ruralista-declara-apoio-a-bolsonaro\/","title":{"rendered":"Com 261 parlamentares, bancada ruralista declara apoio a Bolsonaro"},"content":{"rendered":"<p>A bancada ruralista no Congresso, que re\u00fane 261 deputados federais e senadores, declarou nesta ter\u00e7a-feira (2) apoio \u00e0 candidatura de Jair Bolsonaro (PSL) \u00e0 Presid\u00eancia da Rep\u00fablica. O n\u00famero de integrantes da Frente Parlamentar da Agricultura (FPA) representa praticamente metade de toda a C\u00e2mara, formada por 513 parlamentares. O an\u00fancio foi feito pela deputada Tereza Cristina (DEM-MS), presidente da FPA. A decis\u00e3o refor\u00e7a a debandada do chamado Centr\u00e3o \u2013 grupo composto por parlamentares do PP, PR, PRB, DEM e Solidariedade \u2013 da campanha de Geraldo Alckmin (PSDB).<\/p>\n<p>Segundo Tereza, a decis\u00e3o atende a \u201cclamor do setor produtivo nacional, de empreendedores individuais aos pequenos agricultores e representantes dos grandes neg\u00f3cios\u201d. O DEM, de Tereza Cristina, apoia a candidatura de Alckmin (PSDB). A maioria da bancada \u00e9 formada por parlamentares do chamado Centr\u00e3o, que oficialmente integra a chapa do tucano.<\/p>\n<p>\u201cAs recentes pesquisas eleitorais trazem o retrato da polariza\u00e7\u00e3o na disputa nacional, o que causa grande preocupa\u00e7\u00e3o com o futuro do Brasil\u201d, alega a deputada, que se reuniu hoje, no Rio, com Bolsonaro. Segundo a frente parlamentar, o candidato do PSL n\u00e3o assumiu compromisso com a pauta legislativa da bancada.<\/p>\n<p>\u201cCertos de nosso compromisso com os pr\u00f3ximos anos de uma governabilidade respons\u00e1vel e transparente, uniremos esfor\u00e7os para evitar que candidatos ligados \u00e0 esquemas de corrup\u00e7\u00e3o e ao aprofundamento da crise econ\u00f4mica brasileira retornem ao comando do nosso pa\u00eds\u201d, afirmou a deputada por meio de comunicado.<\/p>\n<div class=\"bs-irp left bs-irp-text-2\"><\/div>\n<p><strong>Veja a \u00edntegra da nota de Tereza Cristina:<\/strong><\/p>\n<p><em>\u201cComo signat\u00e1ria do apoio irrestrito \u00e0s a\u00e7\u00f5es do Judici\u00e1rio e do Congresso Nacional durante o processo de impeachment, a FPA reafirma seu compromisso com o desenvolvimento sustent\u00e1vel da nossa agricultura e do Brasil.<\/em><\/p>\n<p><em>Entendemos que a gera\u00e7\u00e3o de empregos e renda \u00e9 a melhor forma de garantir estabilidade econ\u00f4mica e social, alcan\u00e7ando toda a popula\u00e7\u00e3o.<\/em><\/p>\n<p><em>Alavancar nosso desenvolvimento econ\u00f4mico \u00e9 a grande oportunidade de resgate da dignidade do povo brasileiro, a partir da constru\u00e7\u00e3o de um Estado que proporcione educa\u00e7\u00e3o, sa\u00fade e seguran\u00e7a p\u00fablica de qualidade.<\/em><\/p>\n<p><em>As recentes pesquisas eleitorais trazem o retrato da polariza\u00e7\u00e3o na disputa nacional, o que causa grande preocupa\u00e7\u00e3o com o futuro do Brasil.<\/em><\/p>\n<p><em>Portanto, certos de nosso compromisso com os pr\u00f3ximos anos de uma governabilidade respons\u00e1vel e transparente, uniremos esfor\u00e7os para evitar que candidatos ligados \u00e0 esquemas de corrup\u00e7\u00e3o e ao aprofundamento da crise econ\u00f4mica brasileira retornem ao comando do nosso Pa\u00eds.<\/em><\/p>\n<p><em>TEREZA CRISTINA<\/em><\/p>\n<p><em>Presidente da FPA\u201d<\/em><\/p>\n<p style=\"text-align: right;\"><em><strong>Congresso em Foco\/Foto: Internet\u00a0<\/strong><\/em><\/p>\n","protected":false},"excerpt":{"rendered":"<p>A bancada ruralista no Congresso, que re\u00fane 261 deputados federais e senadores, declarou nesta ter\u00e7a-feira (2) apoio \u00e0 candidatura de Jair Bolsonaro (PSL) \u00e0 Presid\u00eancia&hellip; <\/p>\n","protected":false},"author":1,"featured_media":71407,"comment_status":"closed","ping_status":"closed","sticky":false,"template":"","format":"standard","meta":{"sfsi_plus_gutenberg_text_before_share":"","sfsi_plus_gutenberg_show_text_before_share":"","sfsi_plus_gutenberg_icon_type":"","sfsi_plus_gutenberg_icon_alignemt":"","sfsi_plus_gutenburg_max_per_row":"","footnotes":""},"categories":[11],"tags":[],"class_list":["post-71406","post","type-post","status-publish","format-standard","has-post-thumbnail","hentry","category-politica"],"_links":{"self":[{"href":"https:\/\/www.caririemacao.com\/1\/wp-json\/wp\/v2\/posts\/71406","targetHints":{"allow":["GET"]}}],"collection":[{"href":"https:\/\/www.caririemacao.com\/1\/wp-json\/wp\/v2\/posts"}],"about":[{"href":"https:\/\/www.caririemacao.com\/1\/wp-json\/wp\/v2\/types\/post"}],"author":[{"embeddable":true,"href":"https:\/\/www.caririemacao.com\/1\/wp-json\/wp\/v2\/users\/1"}],"replies":[{"embeddable":true,"href":"https:\/\/www.caririemacao.com\/1\/wp-json\/wp\/v2\/comments?post=71406"}],"version-history":[{"count":1,"href":"https:\/\/www.caririemacao.com\/1\/wp-json\/wp\/v2\/posts\/71406\/revisions"}],"predecessor-version":[{"id":71408,"href":"https:\/\/www.caririemacao.com\/1\/wp-json\/wp\/v2\/posts\/71406\/revisions\/71408"}],"wp:featuredmedia":[{"embeddable":true,"href":"https:\/\/www.caririemacao.com\/1\/wp-json\/wp\/v2\/media\/71407"}],"wp:attachment":[{"href":"https:\/\/www.caririemacao.com\/1\/wp-json\/wp\/v2\/media?parent=71406"}],"wp:term":[{"taxonomy":"category","embeddable":true,"href":"https:\/\/www.caririemacao.com\/1\/wp-json\/wp\/v2\/categories?post=71406"},{"taxonomy":"post_tag","embeddable":true,"href":"https:\/\/www.caririemacao.com\/1\/wp-json\/wp\/v2\/tags?post=71406"}],"curies":[{"name":"wp","href":"https:\/\/api.w.org\/{rel}","templated":true}]}}