{"id":71409,"date":"2018-11-07T19:42:01","date_gmt":"2018-11-07T22:42:01","guid":{"rendered":"http:\/\/www.caririemacao.com\/1\/?p=71409"},"modified":"2018-11-07T19:42:02","modified_gmt":"2018-11-07T22:42:02","slug":"senado-contraria-bolsonaro-e-aumenta-salario-de-juizes","status":"publish","type":"post","link":"https:\/\/www.caririemacao.com\/1\/2018\/11\/07\/senado-contraria-bolsonaro-e-aumenta-salario-de-juizes\/","title":{"rendered":"Senado contraria Bolsonaro e aumenta sal\u00e1rio de ju\u00edzes"},"content":{"rendered":"<p>O Senado aprovou nesta quarta-feira (7) um aumento de 16,38% no sal\u00e1rios dos ministros do STF e do procurador-geral da Rep\u00fablica. Os magistrados passar\u00e3o de vencimentos de R$ 33,7 mil para R$ 39,2 mil. Votaram pelo aumento 41 senadores enquanto 16 foram contr\u00e1rios a medida. Um senador se absteve.<\/p>\n<p>O projeto entrou na pauta na noite anterior em car\u00e1ter de urg\u00eancia, depois de estar dois anos parado na Comiss\u00e3o de Assuntos Econ\u00f4micos da casa. Agora, falta apenas a assinatura do presidente ileg\u00edtimo Michel Temer.<\/p>\n<p>Segundo estudos t\u00e9cnicos do Senado, o impacto nas contas p\u00fablicas causado pelos reajustes pode chegar a R$ 6 bilh\u00f5es por ano gra\u00e7as ao chamado &#8220;efeito-cascata&#8221;, j\u00e1 que o sal\u00e1rio dos ministros \u00e9 par\u00e2metro para os sal\u00e1rios de todo o Judici\u00e1rio, como ju\u00edzes, desembargadores e membros do Minist\u00e9rio P\u00fablico em todas as inst\u00e2ncias.<\/p>\n<p>O \u00faltimo reajuste dos ministros e do Judici\u00e1rio foi em 2014, quando o teto passou de R$ 29,4 para os atuais R$ 33,7 mil mensais.<\/p>\n<p style=\"text-align: right;\"><em><strong>Brasil 247 \/Foto:Internet\u00a0<\/strong><\/em><\/p>\n","protected":false},"excerpt":{"rendered":"<p>O Senado aprovou nesta quarta-feira (7) um aumento de 16,38% no sal\u00e1rios dos ministros do STF e do procurador-geral da Rep\u00fablica. Os magistrados passar\u00e3o de&hellip; <\/p>\n","protected":false},"author":1,"featured_media":41635,"comment_status":"closed","ping_status":"closed","sticky":false,"template":"","format":"standard","meta":{"sfsi_plus_gutenberg_text_before_share":"","sfsi_plus_gutenberg_show_text_before_share":"","sfsi_plus_gutenberg_icon_type":"","sfsi_plus_gutenberg_icon_alignemt":"","sfsi_plus_gutenburg_max_per_row":"","footnotes":""},"categories":[11],"tags":[],"class_list":["post-71409","post","type-post","status-publish","format-standard","has-post-thumbnail","hentry","category-politica"],"_links":{"self":[{"href":"https:\/\/www.caririemacao.com\/1\/wp-json\/wp\/v2\/posts\/71409","targetHints":{"allow":["GET"]}}],"collection":[{"href":"https:\/\/www.caririemacao.com\/1\/wp-json\/wp\/v2\/posts"}],"about":[{"href":"https:\/\/www.caririemacao.com\/1\/wp-json\/wp\/v2\/types\/post"}],"author":[{"embeddable":true,"href":"https:\/\/www.caririemacao.com\/1\/wp-json\/wp\/v2\/users\/1"}],"replies":[{"embeddable":true,"href":"https:\/\/www.caririemacao.com\/1\/wp-json\/wp\/v2\/comments?post=71409"}],"version-history":[{"count":1,"href":"https:\/\/www.caririemacao.com\/1\/wp-json\/wp\/v2\/posts\/71409\/revisions"}],"predecessor-version":[{"id":71412,"href":"https:\/\/www.caririemacao.com\/1\/wp-json\/wp\/v2\/posts\/71409\/revisions\/71412"}],"wp:featuredmedia":[{"embeddable":true,"href":"https:\/\/www.caririemacao.com\/1\/wp-json\/wp\/v2\/media\/41635"}],"wp:attachment":[{"href":"https:\/\/www.caririemacao.com\/1\/wp-json\/wp\/v2\/media?parent=71409"}],"wp:term":[{"taxonomy":"category","embeddable":true,"href":"https:\/\/www.caririemacao.com\/1\/wp-json\/wp\/v2\/categories?post=71409"},{"taxonomy":"post_tag","embeddable":true,"href":"https:\/\/www.caririemacao.com\/1\/wp-json\/wp\/v2\/tags?post=71409"}],"curies":[{"name":"wp","href":"https:\/\/api.w.org\/{rel}","templated":true}]}}