{"id":71413,"date":"2018-11-07T19:48:36","date_gmt":"2018-11-07T22:48:36","guid":{"rendered":"http:\/\/www.caririemacao.com\/1\/?p=71413"},"modified":"2018-11-07T19:48:36","modified_gmt":"2018-11-07T22:48:36","slug":"socio-de-empresa-investigada-por-fake-news-deixa-equipe-de-transicao-de-bolsonaro","status":"publish","type":"post","link":"https:\/\/www.caririemacao.com\/1\/2018\/11\/07\/socio-de-empresa-investigada-por-fake-news-deixa-equipe-de-transicao-de-bolsonaro\/","title":{"rendered":"S\u00f3cio de empresa investigada por fake news deixa equipe de transi\u00e7\u00e3o de Bolsonaro"},"content":{"rendered":"<p>Apenas dois dias depois de ser nomeado para a equipe de transi\u00e7\u00e3o do governo de Jair Bolsonaro (PSL), o empres\u00e1rio\u00a0Marcos Aur\u00e9lio Carvalho divulgou que deixar\u00e1 o grupo. \u00c9 a primeira baixa na equipe criada para planejar o novo modelo de gest\u00e3o no pa\u00eds, de acordo com Igor Mello e Jussara Soares, de\u00a0O Globo.<\/p>\n<div class=\"code-block code-block-1\">\n<div id=\"div-gpt-ad-1527260796756-5\">Marcos \u00e9\u00a0s\u00f3cio da AM4 Brasil Intelig\u00eancia Digital, principal fornecedora da campanha do PSL, e uma das empresas envolvidas no esc\u00e2ndalo do WhatsApp, que distribuiu mensagens falsas, o que beneficiou a campanha de Bolsonaro. A empresa recebeu R$ 650 mil para conduzir a campanha do militar na internet. Esses valores podem ser ainda maiores porque o prazo final para a presta\u00e7\u00e3o de contas de quem disputou o segundo turno termina no dia 17 de novembro.<\/div>\n<div>\n<p>A sa\u00edda do empres\u00e1rio do grupo teve como motiva\u00e7\u00e3o o fato dele ser criticado pelo vereador Carlos Bolsonaro (PSL-RJ), filho do militar, por uma entrevista do empres\u00e1rio ao Globo.<\/p>\n<p>Marcos declarou que n\u00e3o ocuparia um cargo no governo, mas gostaria de atuar como um assessor informal para Bolsonaro.<\/p>\n<p>O filho do militar ficou irritado e postou no Twitter: \u201cMarketeiro digital? Tem uma galera que n\u00e3o se cansa de querer aparecer e usando t\u00edtulos que n\u00e3o refletem em uma linha de verdade! Todo mundo querendo se dar bem de algum jeito!\u201d.<\/p>\n<p style=\"text-align: right;\"><em><strong>Revista forum\/Foto: Internet\u00a0<\/strong><\/em><\/p>\n<\/div>\n<\/div>\n","protected":false},"excerpt":{"rendered":"<p>Apenas dois dias depois de ser nomeado para a equipe de transi\u00e7\u00e3o do governo de Jair Bolsonaro (PSL), o empres\u00e1rio\u00a0Marcos Aur\u00e9lio Carvalho divulgou que deixar\u00e1&hellip; <\/p>\n","protected":false},"author":1,"featured_media":71414,"comment_status":"closed","ping_status":"closed","sticky":false,"template":"","format":"standard","meta":{"sfsi_plus_gutenberg_text_before_share":"","sfsi_plus_gutenberg_show_text_before_share":"","sfsi_plus_gutenberg_icon_type":"","sfsi_plus_gutenberg_icon_alignemt":"","sfsi_plus_gutenburg_max_per_row":"","footnotes":""},"categories":[2],"tags":[],"class_list":["post-71413","post","type-post","status-publish","format-standard","has-post-thumbnail","hentry","category-geral"],"_links":{"self":[{"href":"https:\/\/www.caririemacao.com\/1\/wp-json\/wp\/v2\/posts\/71413","targetHints":{"allow":["GET"]}}],"collection":[{"href":"https:\/\/www.caririemacao.com\/1\/wp-json\/wp\/v2\/posts"}],"about":[{"href":"https:\/\/www.caririemacao.com\/1\/wp-json\/wp\/v2\/types\/post"}],"author":[{"embeddable":true,"href":"https:\/\/www.caririemacao.com\/1\/wp-json\/wp\/v2\/users\/1"}],"replies":[{"embeddable":true,"href":"https:\/\/www.caririemacao.com\/1\/wp-json\/wp\/v2\/comments?post=71413"}],"version-history":[{"count":1,"href":"https:\/\/www.caririemacao.com\/1\/wp-json\/wp\/v2\/posts\/71413\/revisions"}],"predecessor-version":[{"id":71415,"href":"https:\/\/www.caririemacao.com\/1\/wp-json\/wp\/v2\/posts\/71413\/revisions\/71415"}],"wp:featuredmedia":[{"embeddable":true,"href":"https:\/\/www.caririemacao.com\/1\/wp-json\/wp\/v2\/media\/71414"}],"wp:attachment":[{"href":"https:\/\/www.caririemacao.com\/1\/wp-json\/wp\/v2\/media?parent=71413"}],"wp:term":[{"taxonomy":"category","embeddable":true,"href":"https:\/\/www.caririemacao.com\/1\/wp-json\/wp\/v2\/categories?post=71413"},{"taxonomy":"post_tag","embeddable":true,"href":"https:\/\/www.caririemacao.com\/1\/wp-json\/wp\/v2\/tags?post=71413"}],"curies":[{"name":"wp","href":"https:\/\/api.w.org\/{rel}","templated":true}]}}