{"id":71416,"date":"2018-11-07T20:01:34","date_gmt":"2018-11-07T23:01:34","guid":{"rendered":"http:\/\/www.caririemacao.com\/1\/?p=71416"},"modified":"2018-11-07T20:01:34","modified_gmt":"2018-11-07T23:01:34","slug":"bolsonaro-anuncia-fim-do-ministerio-do-trabalho","status":"publish","type":"post","link":"https:\/\/www.caririemacao.com\/1\/2018\/11\/07\/bolsonaro-anuncia-fim-do-ministerio-do-trabalho\/","title":{"rendered":"Bolsonaro anuncia fim do Minist\u00e9rio do Trabalho"},"content":{"rendered":"<p>O presidente eleito, Jair Bolsonaro (PSL), afirmou nesta quarta-feira (7) que o Minist\u00e9rio do Trabalho ser\u00e1 incorporado a outra pasta. &#8220;O Minist\u00e9rio do Trabalho vai ser incorporado a algum minist\u00e9rio&#8221;, disse, sem detalhar qual pasta absorver\u00e1 as atribui\u00e7\u00f5es atuais do Trabalho.<\/p>\n<p>Bolsonaro fez a afirma\u00e7\u00e3o em r\u00e1pida entrevista a jornalistas ap\u00f3s almo\u00e7ar com o presidente do STJ (Superior Tribunal de Justi\u00e7a), ministro Jo\u00e3o Ot\u00e1vio de Noronha, na sede do tribunal.<\/p>\n<p>Segundo a reportagem, h\u00e1 alternativas em avalia\u00e7\u00e3o para que a condu\u00e7\u00e3o dos temas ligados \u00e0 \u00e1rea do emprego e renda ocorra de forma mais eficiente do que concentrada numa \u00fanica pasta. Uma delas \u00e9 associar a \u00e1rea a algum \u00f3rg\u00e3o ligado \u00e0 Presid\u00eancia da Rep\u00fablica.<\/p>\n<p>Ainda de acordo com o jornal, entre as alternativas em discuss\u00e3o, est\u00e1 fatiar as diferentes \u00e1reas, transferindo, por exemplo, a gest\u00e3o da concess\u00e3o de benef\u00edcios para \u00f3rg\u00e3os ligados ao campo social e a gest\u00e3o da pol\u00edtica de trabalho e renda para o novo Minist\u00e9rio da Economia ou para um \u00f3rg\u00e3o dedicado \u00e0s quest\u00f5es de produtividade, um dos temas considerados priorit\u00e1rios na equipe do futuro ministro Paulo Guedes.<\/p>\n<p>Tamb\u00e9m na ter\u00e7a-feira, o\u00a0Minist\u00e9rio do Trabalho divulgou uma nota na qual reafirmou a import\u00e2ncia da pasta para a coordena\u00e7\u00e3o das for\u00e7as produtivas no caminho para a busca do pleno emprego.<\/p>\n<p><strong>Petrobras e BC<\/strong><\/p>\n<p>Perguntado sobre a defini\u00e7\u00e3o dos futuros presidentes da Petrobras e do Banco Central e se haveria chance de manter os atuais titulares em seu governo, Bolsonaro disse que a decis\u00e3o ficar\u00e1 com Paulo Guedes, futuro ministro da Fazenda.<\/p>\n<p>&#8220;O Paulo Guedes est\u00e1 com tudo rascunhado e est\u00e1 em vias de anunciar&#8221;, disse.<\/p>\n<p><strong>N\u00e3o haver\u00e1 Minist\u00e9rio da Fam\u00edlia, diz Bolsonaro<\/strong><\/p>\n<p>Bolsonaro tamb\u00e9m n\u00e3o confirmou o nome do senador Magno Malta (PR-ES), aliado que n\u00e3o conseguiu a reelei\u00e7\u00e3o, como um dos futuros ministros. Malta est\u00e1 cotado para assumir um minist\u00e9rio ligado \u00e0 \u00e1rea social.<\/p>\n<p>&#8220;Tenho falado at\u00e9 o momento que para qualquer minist\u00e9rio vai ser uma pessoa adequada para desempenhar a fun\u00e7\u00e3o, n\u00e3o tem acomoda\u00e7\u00e3o pol\u00edtica nos minist\u00e9rios&#8221;, disse Bolsonaro.<\/p>\n<p>Perguntado sobre se o Malta iria para o Minist\u00e9rio da Fam\u00edlia, Bolsonaro rejeitou o nome para a pasta. &#8220;N\u00e3o deve existir minist\u00e9rio com esse nome&#8221;, disse.<\/p>\n<p><strong>Defesa<\/strong><\/p>\n<p>Bolsonaro afirmou tamb\u00e9m que a defini\u00e7\u00e3o sobre quem ser\u00e1 o pr\u00f3ximo ministro da Defesa j\u00e1 est\u00e1 &#8220;engatilhada&#8221; e pode ser anunciada at\u00e9 a pr\u00f3xima ter\u00e7a-feira.<\/p>\n<p>Ele n\u00e3o deu nomes, mas disse que ser\u00e1 algu\u00e9m de &#8220;quatro estrelas&#8221;, em refer\u00eancia \u00e0 gradua\u00e7\u00e3o militar.<\/p>\n<p>O general Augusto Heleno, auxiliar pr\u00f3ximo do presidente eleito, estava cotado para assumir a Defesa, mas foi confirmado como futuro chefe do GSI (Gabinete de Seguran\u00e7a Institucional), que tem status de minist\u00e9rio.<\/p>\n<p>&#8220;N\u00e3o posso prescindir da presen\u00e7a dele [Heleno] no Pal\u00e1cio do Planalto. \u00c9 uma pessoa que representa o equil\u00edbrio, tem uma viv\u00eancia muito grande, dentro e fora do Brasil e isso \u00e9 bom para todos n\u00f3s, n\u00e3o s\u00f3 para mim n\u00e3o&#8221;, disse.<\/p>\n<p><strong>N\u00famero de minist\u00e9rios<\/strong><\/p>\n<p>O presidente eleito afirmou ainda que o n\u00famero de minist\u00e9rio deve ficar em torno de 17. &#8220;Talvez 17, bom n\u00famero o 17&#8221;, disse.<\/p>\n<p>Mais cedo, por\u00e9m, Bolsonaro afirmou que estuda manter o Minist\u00e9rio da Transpar\u00eancia e Controladoria-Geral da Uni\u00e3o com o atual status, sem fundi-lo com o Minist\u00e9rio da Justi\u00e7a.<\/p>\n<p>Se isso ocorrer, a possibilidade \u00e9 que o governo Bolsonaro seja formado por 18 pastas na Esplanada, e n\u00e3o mais entre 15 e 17, como ele tem cogitado. Atualmente, a Esplanada \u00e9 composta por 29 minist\u00e9rios.<\/p>\n<p>&#8220;Pode aumentar [o n\u00famero de minist\u00e9rios para 18]. O que temos de ter s\u00e3o os minist\u00e9rios, esses \u00f3rg\u00e3os, funcionando, sem interfer\u00eancia pol\u00edtica&#8221;, disse.<\/p>\n<p style=\"text-align: right;\"><em><strong>Uol\/Foto: Internet\u00a0<\/strong><\/em><\/p>\n","protected":false},"excerpt":{"rendered":"<p>O presidente eleito, Jair Bolsonaro (PSL), afirmou nesta quarta-feira (7) que o Minist\u00e9rio do Trabalho ser\u00e1 incorporado a outra pasta. &#8220;O Minist\u00e9rio do Trabalho vai&hellip; <\/p>\n","protected":false},"author":1,"featured_media":71417,"comment_status":"closed","ping_status":"closed","sticky":false,"template":"","format":"standard","meta":{"sfsi_plus_gutenberg_text_before_share":"","sfsi_plus_gutenberg_show_text_before_share":"","sfsi_plus_gutenberg_icon_type":"","sfsi_plus_gutenberg_icon_alignemt":"","sfsi_plus_gutenburg_max_per_row":"","footnotes":""},"categories":[2],"tags":[],"class_list":["post-71416","post","type-post","status-publish","format-standard","has-post-thumbnail","hentry","category-geral"],"_links":{"self":[{"href":"https:\/\/www.caririemacao.com\/1\/wp-json\/wp\/v2\/posts\/71416","targetHints":{"allow":["GET"]}}],"collection":[{"href":"https:\/\/www.caririemacao.com\/1\/wp-json\/wp\/v2\/posts"}],"about":[{"href":"https:\/\/www.caririemacao.com\/1\/wp-json\/wp\/v2\/types\/post"}],"author":[{"embeddable":true,"href":"https:\/\/www.caririemacao.com\/1\/wp-json\/wp\/v2\/users\/1"}],"replies":[{"embeddable":true,"href":"https:\/\/www.caririemacao.com\/1\/wp-json\/wp\/v2\/comments?post=71416"}],"version-history":[{"count":1,"href":"https:\/\/www.caririemacao.com\/1\/wp-json\/wp\/v2\/posts\/71416\/revisions"}],"predecessor-version":[{"id":71418,"href":"https:\/\/www.caririemacao.com\/1\/wp-json\/wp\/v2\/posts\/71416\/revisions\/71418"}],"wp:featuredmedia":[{"embeddable":true,"href":"https:\/\/www.caririemacao.com\/1\/wp-json\/wp\/v2\/media\/71417"}],"wp:attachment":[{"href":"https:\/\/www.caririemacao.com\/1\/wp-json\/wp\/v2\/media?parent=71416"}],"wp:term":[{"taxonomy":"category","embeddable":true,"href":"https:\/\/www.caririemacao.com\/1\/wp-json\/wp\/v2\/categories?post=71416"},{"taxonomy":"post_tag","embeddable":true,"href":"https:\/\/www.caririemacao.com\/1\/wp-json\/wp\/v2\/tags?post=71416"}],"curies":[{"name":"wp","href":"https:\/\/api.w.org\/{rel}","templated":true}]}}