{"id":71422,"date":"2018-11-07T20:40:32","date_gmt":"2018-11-07T23:40:32","guid":{"rendered":"http:\/\/www.caririemacao.com\/1\/?p=71422"},"modified":"2018-11-07T20:40:32","modified_gmt":"2018-11-07T23:40:32","slug":"monteiro-recebe-2-mil-litros-cubicos-de-agua-por-segundo-diz-presidente-da-aesa","status":"publish","type":"post","link":"https:\/\/www.caririemacao.com\/1\/2018\/11\/07\/monteiro-recebe-2-mil-litros-cubicos-de-agua-por-segundo-diz-presidente-da-aesa\/","title":{"rendered":"Monteiro recebe 2 mil litros c\u00fabicos de \u00e1gua por segundo, diz presidente da AESA"},"content":{"rendered":"<div class=\"row medium-uncollapsed content-media content-photo\" data-block-type=\"backstage-photo\" data-block-id=\"0\">\n<div class=\"mc-column content-media__container\">\n<div class=\"progressive-img can-open-lightbox\" data-min-size=\"1008x631\" data-min-size-url=\"https:\/\/s2.glbimg.com\/z9QJ-qJhda-88DiAVdhelkUKt5k=\/0x0:1700x1065\/1008x0\/smart\/filters:strip_icc()\/s.glbimg.com\/jo\/g1\/f\/original\/2017\/02\/08\/moteiro.jpg\" data-max-size=\"1600x1002\" data-max-size-url=\"https:\/\/s2.glbimg.com\/r2Z-a7eS1aOZDckkmYU6mKa-JYA=\/0x0:1700x1065\/1600x0\/smart\/filters:strip_icc()\/s.glbimg.com\/jo\/g1\/f\/original\/2017\/02\/08\/moteiro.jpg\" data-media-index=\"0\"><picture><img fetchpriority=\"high\" decoding=\"async\" class=\"image content-media__image progressive-loaded alignleft\" title=\"A\u00e7ude de Po\u00e7\u00f5es sangra e libera \u00e1guas da transposi\u00e7\u00e3o para outros reservat\u00f3rios \u2014 Foto: Artur Lira\/G1\/Arquivo\" src=\"https:\/\/s2.glbimg.com\/icvdKsGQ1Lj04SuLKG0NgQ0_K5c=\/0x0:1700x1065\/984x0\/smart\/filters:strip_icc()\/s.glbimg.com\/jo\/g1\/f\/original\/2017\/02\/08\/moteiro.jpg\" alt=\"A\u00e7ude de Po\u00e7\u00f5es sangra e libera \u00e1guas da transposi\u00e7\u00e3o para outros reservat\u00f3rios \u2014 Foto: Artur Lira\/G1\/Arquivo\" width=\"453\" height=\"284\" data-src=\"https:\/\/s2.glbimg.com\/icvdKsGQ1Lj04SuLKG0NgQ0_K5c=\/0x0:1700x1065\/984x0\/smart\/filters:strip_icc()\/s.glbimg.com\/jo\/g1\/f\/original\/2017\/02\/08\/moteiro.jpg\" \/><\/picture><\/div>\n<\/div>\n<\/div>\n<div class=\"mc-column mc-side-item__container\" data-block-type=\"ads\" data-block-id=\"1\">\n<div class=\"mc-side-item mc-side-item--right content-ads content-ads--side-ad\">O A\u00e7ude de Po\u00e7\u00f5es, localizado em Monteiro, no Cariri da Para\u00edba, transbordou durante o fim de semana, segundo informou o presidente da Ag\u00eancia Executiva de Gest\u00e3o das \u00c1guas (Aesa), Jo\u00e3o Fernandes, na tarde desta quarta-feira (7). Segundo ele, as \u00e1guas da transposi\u00e7\u00e3o do Rio S\u00e3o Francisco come\u00e7aram a serem liberadas e devem chegar ao reservat\u00f3rio de Camala\u00fa.<\/div>\n<\/div>\n<div class=\"wall protected-content\">\n<div class=\"mc-column content-text active-extra-styles \" data-block-type=\"unstyled\" data-block-weight=\"48\" data-block-id=\"3\">\n<p class=\"content-text__container \" data-track-category=\"Link no Texto\" data-track-links=\"\">Segundo o gestor, Monteiro recebe 2 mil litros c\u00fabicos de \u00e1gua por segundo. Ele lembra que precisou ir a Bras\u00edlia solicitar que o volume aumentasse. Quando as \u00e1guas chegarem em Camala\u00fa, deve transbordar para o A\u00e7ude Epit\u00e1cio Pessoa, em Boqueir\u00e3o, que abastece Campina Grande e outros 18 munic\u00edpios.<\/p>\n<\/div>\n<div class=\"mc-column content-text active-extra-styles \" data-block-type=\"unstyled\" data-block-weight=\"64\" data-block-id=\"4\">\n<p class=\"content-text__container \" data-track-category=\"Link no Texto\" data-track-links=\"\">Em outubro deste ano,\u00a0o gestor afirmou que o volume de \u00e1gua que chegava a Monteiro, no Cariri da Para\u00edba, era de 250 litros por segundo e que a quantidade era baixa, j\u00e1 que a vaz\u00e3o no local j\u00e1 havia sido de 6,8 mil litros por segundo. De acordo com a Aesa, o volume n\u00e3o garantia que a \u00e1gua chegasse ao A\u00e7ude de Po\u00e7\u00f5es.<\/p>\n<\/div>\n<div data-track-category=\"fim do conteudo\" data-track-action=\"ultimo chunk conteudo\" data-track-noninteraction=\"false\" data-track-scroll=\"entrada completa viewport\">\n<div class=\"mc-column content-text active-extra-styles \" data-block-type=\"unstyled\" data-block-weight=\"35\" data-block-id=\"5\">\n<p class=\"content-text__container \" data-track-category=\"Link no Texto\" data-track-links=\"\">Na ocasi\u00e3o, ele participou de uma reuni\u00e3o com o Comit\u00ea Gestor de Integra\u00e7\u00e3o do Rio S\u00e3o Francisco e cobrou o aumento da vaz\u00e3o, em Monteiro, para at\u00e9 4 mil litros c\u00fabicos de \u00e1gua por segundo.<\/p>\n<\/div>\n<\/div>\n<\/div>\n","protected":false},"excerpt":{"rendered":"<p>O A\u00e7ude de Po\u00e7\u00f5es, localizado em Monteiro, no Cariri da Para\u00edba, transbordou durante o fim de semana, segundo informou o presidente da Ag\u00eancia Executiva de&hellip; <\/p>\n","protected":false},"author":1,"featured_media":71423,"comment_status":"closed","ping_status":"closed","sticky":false,"template":"","format":"standard","meta":{"sfsi_plus_gutenberg_text_before_share":"","sfsi_plus_gutenberg_show_text_before_share":"","sfsi_plus_gutenberg_icon_type":"","sfsi_plus_gutenberg_icon_alignemt":"","sfsi_plus_gutenburg_max_per_row":"","footnotes":""},"categories":[2],"tags":[],"class_list":["post-71422","post","type-post","status-publish","format-standard","has-post-thumbnail","hentry","category-geral"],"_links":{"self":[{"href":"https:\/\/www.caririemacao.com\/1\/wp-json\/wp\/v2\/posts\/71422","targetHints":{"allow":["GET"]}}],"collection":[{"href":"https:\/\/www.caririemacao.com\/1\/wp-json\/wp\/v2\/posts"}],"about":[{"href":"https:\/\/www.caririemacao.com\/1\/wp-json\/wp\/v2\/types\/post"}],"author":[{"embeddable":true,"href":"https:\/\/www.caririemacao.com\/1\/wp-json\/wp\/v2\/users\/1"}],"replies":[{"embeddable":true,"href":"https:\/\/www.caririemacao.com\/1\/wp-json\/wp\/v2\/comments?post=71422"}],"version-history":[{"count":1,"href":"https:\/\/www.caririemacao.com\/1\/wp-json\/wp\/v2\/posts\/71422\/revisions"}],"predecessor-version":[{"id":71424,"href":"https:\/\/www.caririemacao.com\/1\/wp-json\/wp\/v2\/posts\/71422\/revisions\/71424"}],"wp:featuredmedia":[{"embeddable":true,"href":"https:\/\/www.caririemacao.com\/1\/wp-json\/wp\/v2\/media\/71423"}],"wp:attachment":[{"href":"https:\/\/www.caririemacao.com\/1\/wp-json\/wp\/v2\/media?parent=71422"}],"wp:term":[{"taxonomy":"category","embeddable":true,"href":"https:\/\/www.caririemacao.com\/1\/wp-json\/wp\/v2\/categories?post=71422"},{"taxonomy":"post_tag","embeddable":true,"href":"https:\/\/www.caririemacao.com\/1\/wp-json\/wp\/v2\/tags?post=71422"}],"curies":[{"name":"wp","href":"https:\/\/api.w.org\/{rel}","templated":true}]}}