{"id":71430,"date":"2018-11-07T20:50:21","date_gmt":"2018-11-07T23:50:21","guid":{"rendered":"http:\/\/www.caririemacao.com\/1\/?p=71430"},"modified":"2018-11-07T20:50:21","modified_gmt":"2018-11-07T23:50:21","slug":"especializacao-em-desenvolvimento-e-meio-ambiente-inscreve-para-25-vagas-em-monteiro","status":"publish","type":"post","link":"https:\/\/www.caririemacao.com\/1\/2018\/11\/07\/especializacao-em-desenvolvimento-e-meio-ambiente-inscreve-para-25-vagas-em-monteiro\/","title":{"rendered":"Especializa\u00e7\u00e3o em Desenvolvimento e Meio Ambiente inscreve para 25 vagas em Monteiro"},"content":{"rendered":"<p>O IFPB, por meio da Pr\u00f3-Reitoria de Pesquisa, Inova\u00e7\u00e3o e P\u00f3s-Gradua\u00e7\u00e3o, divulgou o edital de inscri\u00e7\u00f5es para o Curso de Especializa\u00e7\u00e3o em Desenvolvimento e Meio Ambiente do Campus Monteiro.<\/p>\n<p><a class=\"external-link\" title=\"\" href=\"https:\/\/estudante.ifpb.edu.br\/processoseletivo\/processo\/9\/edicao\/113\/\" target=\"_blank\" rel=\"noopener\"><strong>Acesse aqui o Edital<\/strong>\u00a0<\/a>no Portal do Estudante.<\/p>\n<p>As inscri\u00e7\u00f5es gratuitas est\u00e3o abertas e v\u00e3o at\u00e9 23 de novembro. O candidato dever\u00e1 preencher o formul\u00e1rio de requerimento de inscri\u00e7\u00e3o (Anexo II) e anexar, obrigatoriamente, c\u00f3pia dos seguintes documentos: a) Documento de identifica\u00e7\u00e3o com foto; Cadastro de Pessoa F\u00edsica (CPF); Certid\u00e3o\/Diploma de curso de gradua\u00e7\u00e3o ou, Declara\u00e7\u00e3o da Coordena\u00e7\u00e3o do Curso afirmando que o estudante se encontra na condi\u00e7\u00e3o de poss\u00edvel concluinte at\u00e9 a data final do per\u00edodo de matr\u00edcula; e Curr\u00edculo Acad\u00eamico\/Profissional (preferencialmente o Curr\u00edculo Lattes), com fotoc\u00f3pia dos documentos comprobat\u00f3rios.<\/p>\n<p>A sele\u00e7\u00e3o se dar\u00e1 por meio de an\u00e1lise dos documentos que comp\u00f5em o processo de inscri\u00e7\u00e3o. O candidato passar\u00e1 por um processo de sele\u00e7\u00e3o cumulativo, classificat\u00f3rio e eliminat\u00f3rio, consistindo de an\u00e1lise de curr\u00edculo (Peso 4\/classificat\u00f3rio) e de uma prova escrita (Peso 6\/eliminat\u00f3rio) a ser realizada no dia 29 de novembro. O resultado final est\u00e1 previsto para dia 10 de dezembro.<\/p>\n<p>O curso \u00e9 voltado para portadores de diploma e\/ou certid\u00e3o de conclus\u00e3o de curso superior em n\u00edvel de gradua\u00e7\u00e3o nas \u00e1reas de: Tecn\u00f3logos em Gest\u00e3o Ambiental, Constru\u00e7\u00e3o de Edif\u00edcios, Engenharias, Agronomia, Arquitetura, Economia, Geografia, Direito, Biologia, Qu\u00edmica e demais \u00e1reas afins, de acordo com a tabela de \u00e1reas de conhecimento do CNPq.<\/p>\n<p>Ser\u00e3o ofertadas 25 vagas. H\u00e1 cota de 20% para autodeclarados negros (pretos ou pardos) e ind\u00edgenas (5 Vagas) e 5% das vagas s\u00e3o reservadas para Pessoas com Defici\u00eancia (2 vagas).<\/p>\n<p>As aulas ser\u00e3o realizadas nas quartas-feiras, nos turnos vespertino e noturno.<\/p>\n","protected":false},"excerpt":{"rendered":"<p>O IFPB, por meio da Pr\u00f3-Reitoria de Pesquisa, Inova\u00e7\u00e3o e P\u00f3s-Gradua\u00e7\u00e3o, divulgou o edital de inscri\u00e7\u00f5es para o Curso de Especializa\u00e7\u00e3o em Desenvolvimento e Meio&hellip; <\/p>\n","protected":false},"author":1,"featured_media":12778,"comment_status":"closed","ping_status":"closed","sticky":false,"template":"","format":"standard","meta":{"sfsi_plus_gutenberg_text_before_share":"","sfsi_plus_gutenberg_show_text_before_share":"","sfsi_plus_gutenberg_icon_type":"","sfsi_plus_gutenberg_icon_alignemt":"","sfsi_plus_gutenburg_max_per_row":"","footnotes":""},"categories":[14],"tags":[],"class_list":["post-71430","post","type-post","status-publish","format-standard","has-post-thumbnail","hentry","category-educacao"],"_links":{"self":[{"href":"https:\/\/www.caririemacao.com\/1\/wp-json\/wp\/v2\/posts\/71430","targetHints":{"allow":["GET"]}}],"collection":[{"href":"https:\/\/www.caririemacao.com\/1\/wp-json\/wp\/v2\/posts"}],"about":[{"href":"https:\/\/www.caririemacao.com\/1\/wp-json\/wp\/v2\/types\/post"}],"author":[{"embeddable":true,"href":"https:\/\/www.caririemacao.com\/1\/wp-json\/wp\/v2\/users\/1"}],"replies":[{"embeddable":true,"href":"https:\/\/www.caririemacao.com\/1\/wp-json\/wp\/v2\/comments?post=71430"}],"version-history":[{"count":1,"href":"https:\/\/www.caririemacao.com\/1\/wp-json\/wp\/v2\/posts\/71430\/revisions"}],"predecessor-version":[{"id":71431,"href":"https:\/\/www.caririemacao.com\/1\/wp-json\/wp\/v2\/posts\/71430\/revisions\/71431"}],"wp:featuredmedia":[{"embeddable":true,"href":"https:\/\/www.caririemacao.com\/1\/wp-json\/wp\/v2\/media\/12778"}],"wp:attachment":[{"href":"https:\/\/www.caririemacao.com\/1\/wp-json\/wp\/v2\/media?parent=71430"}],"wp:term":[{"taxonomy":"category","embeddable":true,"href":"https:\/\/www.caririemacao.com\/1\/wp-json\/wp\/v2\/categories?post=71430"},{"taxonomy":"post_tag","embeddable":true,"href":"https:\/\/www.caririemacao.com\/1\/wp-json\/wp\/v2\/tags?post=71430"}],"curies":[{"name":"wp","href":"https:\/\/api.w.org\/{rel}","templated":true}]}}