{"id":71432,"date":"2018-11-07T20:57:55","date_gmt":"2018-11-07T23:57:55","guid":{"rendered":"http:\/\/www.caririemacao.com\/1\/?p=71432"},"modified":"2018-11-07T20:57:55","modified_gmt":"2018-11-07T23:57:55","slug":"40-nao-prestam-contas-e-podem-ficar-fora-das-proximas-eleicoes","status":"publish","type":"post","link":"https:\/\/www.caririemacao.com\/1\/2018\/11\/07\/40-nao-prestam-contas-e-podem-ficar-fora-das-proximas-eleicoes\/","title":{"rendered":"40% n\u00e3o prestam contas e podem ficar fora das pr\u00f3ximas elei\u00e7\u00f5es"},"content":{"rendered":"<p>Dos 600 pol\u00edticos que disputaram algum cargo nas elei\u00e7\u00f5es deste ano na Para\u00edba, mais de 230 n\u00e3o apresentaram presta\u00e7\u00e3o de contas ao Tribunal Regional Eleitoral da Para\u00edba (TRE-PB). O prazo estabelecido pela Justi\u00e7a Eleitoral para a entrega dos documentos terminou nessa ter\u00e7a-feira (06).<\/p>\n<p>O chefe da Se\u00e7\u00e3o de Contas Eleitorais e Partid\u00e1rias, Andr\u00e9 Cabral, explicou que entre os eleitos, apenas J\u00fanior Ara\u00fajo (Avante), futuro deputado estadual, n\u00e3o encaminhou a documenta\u00e7\u00e3o.\u00a0\u201cN\u00f3s j\u00e1 recebemos a presta\u00e7\u00e3o de contas de 363 candidatos, o que equivale a 60,3% do total. At\u00e9 o final do prazo [ontem] tr\u00eas eleitos n\u00e3o haviam prestado as informa\u00e7\u00f5es ao TRE, mas hoje recebemos j\u00e1 o da senadora eleita Daniella Ribeiro e do deputado federal eleito Aguinaldo Ribeiro\u201d, disse.<\/p>\n<p>Segundo Cabral, a partir de agora o TRE tem at\u00e9 o dia 15 de dezembro para julgar as contas dos candidatos que foram eleitos e at\u00e9 novembro do pr\u00f3ximo ano para analisar as de quem foi derrotado. Quem n\u00e3o forneceu s dados pode ficar impedido de concorrer nas duas pr\u00f3ximas elei\u00e7\u00f5es, para quem disputou mandato de deputado, governador ou presidente, e nas pr\u00f3ximas quatro elei\u00e7\u00f5es no caso dos candidatos ao Senado.<\/p>\n<p>Quem tiver as contas de campanha reprovadas poder\u00e1 devolver os recursos usados na campanha ao Tesouro Nacional ou ter o mandato cassado.<\/p>\n<p>\u201cSe a aplica\u00e7\u00e3o foi irregular, a legisla\u00e7\u00e3o prev\u00ea a devolu\u00e7\u00e3o do valor ao Tesouro, se o candidato n\u00e3o identificou a origem, tamb\u00e9m ter\u00e1 que devolver. Se as verbas vierem de fontes indevidas, como de pessoas jur\u00eddicas, o valor tamb\u00e9m ser\u00e1 entregue ao Tesouro. Independente do motivo da desaprova\u00e7\u00e3o, o processo vai ser levado ao Minist\u00e9rio P\u00fablico Federal, que pode ajuizar uma nova a\u00e7\u00e3o e essa sim resultar na cassa\u00e7\u00e3o do mandato, a desaprova\u00e7\u00e3o por si s\u00f3 n\u00e3o tem esse desfecho\u201d, justificou Cabral.<\/p>\n<p>&nbsp;<\/p>\n","protected":false},"excerpt":{"rendered":"<p>Dos 600 pol\u00edticos que disputaram algum cargo nas elei\u00e7\u00f5es deste ano na Para\u00edba, mais de 230 n\u00e3o apresentaram presta\u00e7\u00e3o de contas ao Tribunal Regional Eleitoral&hellip; <\/p>\n","protected":false},"author":1,"featured_media":71433,"comment_status":"closed","ping_status":"closed","sticky":false,"template":"","format":"standard","meta":{"sfsi_plus_gutenberg_text_before_share":"","sfsi_plus_gutenberg_show_text_before_share":"","sfsi_plus_gutenberg_icon_type":"","sfsi_plus_gutenberg_icon_alignemt":"","sfsi_plus_gutenburg_max_per_row":"","footnotes":""},"categories":[1],"tags":[],"class_list":["post-71432","post","type-post","status-publish","format-standard","has-post-thumbnail","hentry","category-o-site"],"_links":{"self":[{"href":"https:\/\/www.caririemacao.com\/1\/wp-json\/wp\/v2\/posts\/71432","targetHints":{"allow":["GET"]}}],"collection":[{"href":"https:\/\/www.caririemacao.com\/1\/wp-json\/wp\/v2\/posts"}],"about":[{"href":"https:\/\/www.caririemacao.com\/1\/wp-json\/wp\/v2\/types\/post"}],"author":[{"embeddable":true,"href":"https:\/\/www.caririemacao.com\/1\/wp-json\/wp\/v2\/users\/1"}],"replies":[{"embeddable":true,"href":"https:\/\/www.caririemacao.com\/1\/wp-json\/wp\/v2\/comments?post=71432"}],"version-history":[{"count":1,"href":"https:\/\/www.caririemacao.com\/1\/wp-json\/wp\/v2\/posts\/71432\/revisions"}],"predecessor-version":[{"id":71434,"href":"https:\/\/www.caririemacao.com\/1\/wp-json\/wp\/v2\/posts\/71432\/revisions\/71434"}],"wp:featuredmedia":[{"embeddable":true,"href":"https:\/\/www.caririemacao.com\/1\/wp-json\/wp\/v2\/media\/71433"}],"wp:attachment":[{"href":"https:\/\/www.caririemacao.com\/1\/wp-json\/wp\/v2\/media?parent=71432"}],"wp:term":[{"taxonomy":"category","embeddable":true,"href":"https:\/\/www.caririemacao.com\/1\/wp-json\/wp\/v2\/categories?post=71432"},{"taxonomy":"post_tag","embeddable":true,"href":"https:\/\/www.caririemacao.com\/1\/wp-json\/wp\/v2\/tags?post=71432"}],"curies":[{"name":"wp","href":"https:\/\/api.w.org\/{rel}","templated":true}]}}