{"id":71443,"date":"2018-11-07T23:08:37","date_gmt":"2018-11-08T02:08:37","guid":{"rendered":"http:\/\/www.caririemacao.com\/1\/?p=71443"},"modified":"2018-11-07T23:13:05","modified_gmt":"2018-11-08T02:13:05","slug":"pernambuco-ganha-a-revista-contextonews-lancamento-sera-em-dezembro","status":"publish","type":"post","link":"https:\/\/www.caririemacao.com\/1\/2018\/11\/07\/pernambuco-ganha-a-revista-contextonews-lancamento-sera-em-dezembro\/","title":{"rendered":"Pernambuco ganha a Revista ConTextoNews; Lan\u00e7amento ser\u00e1 em dezembro"},"content":{"rendered":"<p>Pernambuco ganha mais uma revista de variedades. Ser\u00e1 lan\u00e7ada em dezembro a ConTextoNews, espa\u00e7o de jornalismo e cultura com periodicidade bimestral, em produ\u00e7\u00e3o na cidade de S\u00e3o Jos\u00e9 do Egito \u2013 Sert\u00e3o do Alto Paje\u00fa. A revista nasce fora do eixo da Capital pernambucana e nos orgulhamos por, a partir de agora, fazer parte das publica\u00e7\u00f5es brasileiras que v\u00eam resistindo \u00e0s oscila\u00e7\u00f5es editoriais do pa\u00eds, sem perder o foco na excel\u00eancia de um conte\u00fado que extrapola as fronteiras pajeuzeiras, oferecendo aos leitores um contraponto \u00e0 mar\u00e9 do imediatismo jornal\u00edstico que nos dispersa todos os dias.<\/p>\n<p>A nova proposta estar\u00e1 dispon\u00edvel nas vers\u00f5es impressa e digital. A Revista ConTextoNews ser\u00e1 uma publica\u00e7\u00e3o contempor\u00e2nea, e acompanhar\u00e1 as transforma\u00e7\u00f5es da cultura, da arte e do pr\u00f3prio jornalismo, galgando seu compromisso com o adensamento de pautas que levem ao pensamento cr\u00edtico e reflexivo. N\u00e3o por acaso ir\u00e1 se destacar por sua qualidade gr\u00e1fica e editorial.<\/p>\n<p>Produzida pela JC Publicidades, sob a orienta\u00e7\u00e3o dos jornalistas Geraldo Palmeira e Jo\u00e3o Carlos Rocha, al\u00e9m de parceria com o empres\u00e1rio Gisnard Silva, a ConTextoNews trar\u00e1, tamb\u00e9m, conte\u00fado do blogueiro e fot\u00f3grafo Marcello Patriota.<\/p>\n<p>A ConTextoNews ser\u00e1 uma produ\u00e7\u00e3o com p\u00e9s fincados nestas bandas do Paje\u00fa das Flores, mas com o olhar no horizonte. Todas as pautas ser\u00e3o abordadas no sentido amplo, diverso e complexo da palavra, esta mesma que nos atravessa em diferentes mapas e dire\u00e7\u00f5es.<\/p>\n<p>Aguarde nossa edi\u00e7\u00e3o de lan\u00e7amento. Imperd\u00edvel!<\/p>\n<p>Cariri em A\u00e7\u00e3o com\u00a0Jo\u00e3o Carlos Rocha e Geraldo Palmeira<\/p>\n","protected":false},"excerpt":{"rendered":"<p>Pernambuco ganha mais uma revista de variedades. Ser\u00e1 lan\u00e7ada em dezembro a ConTextoNews, espa\u00e7o de jornalismo e cultura com periodicidade bimestral, em produ\u00e7\u00e3o na cidade&hellip; <\/p>\n","protected":false},"author":2,"featured_media":71448,"comment_status":"closed","ping_status":"closed","sticky":false,"template":"","format":"standard","meta":{"sfsi_plus_gutenberg_text_before_share":"","sfsi_plus_gutenberg_show_text_before_share":"","sfsi_plus_gutenberg_icon_type":"","sfsi_plus_gutenberg_icon_alignemt":"","sfsi_plus_gutenburg_max_per_row":"","footnotes":""},"categories":[2],"tags":[],"class_list":["post-71443","post","type-post","status-publish","format-standard","has-post-thumbnail","hentry","category-geral"],"_links":{"self":[{"href":"https:\/\/www.caririemacao.com\/1\/wp-json\/wp\/v2\/posts\/71443","targetHints":{"allow":["GET"]}}],"collection":[{"href":"https:\/\/www.caririemacao.com\/1\/wp-json\/wp\/v2\/posts"}],"about":[{"href":"https:\/\/www.caririemacao.com\/1\/wp-json\/wp\/v2\/types\/post"}],"author":[{"embeddable":true,"href":"https:\/\/www.caririemacao.com\/1\/wp-json\/wp\/v2\/users\/2"}],"replies":[{"embeddable":true,"href":"https:\/\/www.caririemacao.com\/1\/wp-json\/wp\/v2\/comments?post=71443"}],"version-history":[{"count":2,"href":"https:\/\/www.caririemacao.com\/1\/wp-json\/wp\/v2\/posts\/71443\/revisions"}],"predecessor-version":[{"id":71450,"href":"https:\/\/www.caririemacao.com\/1\/wp-json\/wp\/v2\/posts\/71443\/revisions\/71450"}],"wp:featuredmedia":[{"embeddable":true,"href":"https:\/\/www.caririemacao.com\/1\/wp-json\/wp\/v2\/media\/71448"}],"wp:attachment":[{"href":"https:\/\/www.caririemacao.com\/1\/wp-json\/wp\/v2\/media?parent=71443"}],"wp:term":[{"taxonomy":"category","embeddable":true,"href":"https:\/\/www.caririemacao.com\/1\/wp-json\/wp\/v2\/categories?post=71443"},{"taxonomy":"post_tag","embeddable":true,"href":"https:\/\/www.caririemacao.com\/1\/wp-json\/wp\/v2\/tags?post=71443"}],"curies":[{"name":"wp","href":"https:\/\/api.w.org\/{rel}","templated":true}]}}