{"id":71452,"date":"2018-11-07T23:49:33","date_gmt":"2018-11-08T02:49:33","guid":{"rendered":"http:\/\/www.caririemacao.com\/1\/?p=71452"},"modified":"2018-11-07T23:50:20","modified_gmt":"2018-11-08T02:50:20","slug":"empresario-egipciense-se-diz-injusticado-e-deve-processar-o-estado-por-danos-morais","status":"publish","type":"post","link":"https:\/\/www.caririemacao.com\/1\/2018\/11\/07\/empresario-egipciense-se-diz-injusticado-e-deve-processar-o-estado-por-danos-morais\/","title":{"rendered":"Empres\u00e1rio egipciense se diz injusti\u00e7ado e deve processar o Estado por danos morais"},"content":{"rendered":"<p>O Blog Marcello Patriota esteve visitando o Escrit\u00f3rio do Empres\u00e1rio do Ramo de Entretenimento Jo\u00e3o Rodrigues de Lima Neto,que em 29\/10\/2018, o Sr. Jo\u00e3o Neto, como \u00e9 mais conhecido na Capital da Poesia, sofreu uma abordagem da Pol\u00edcia Rodovi\u00e1ria Federal no munic\u00edpio de Pocinhos, na ocasi\u00e3o foi acusado de ser criminoso em diversas redes sociais e blog\u2019s por estar em posse do valor de R$ 60.000,00 (sessenta mil reais).<\/p>\n<p>A abordagem, embora rotineira, ignorou de forma cabal toda a documenta\u00e7\u00e3o e argument<span class=\"text_exposed_show\">a\u00e7\u00e3o apresentada no momento dos fatos e suficientes para comprovar que o referido valor estava destinado a uma transa\u00e7\u00e3o(compra) a ser realizada no Munic\u00edpio de S\u00e3o Jos\u00e9 da Mata-PB, para a adquirir diretamente com o propriet\u00e1rio de um caminh\u00e3o pipa.<br \/>\n\u201cPor ser um empres\u00e1rio de sucesso e por estar em posse de t\u00e3o elevado valor, em esp\u00e9cie, o Sr. Jo\u00e3o Neto dirigia-se ao munic\u00edpio acompanhado de seu seguran\u00e7a, \u00fanico propriet\u00e1rio da pistola .40 municiada e um carregador de pistola .380 com 17 (dezessete) muni\u00e7\u00f5es intactas, conforme confessou o motorista ao ser ouvido pelos policiais. Ressalta-se que o empres\u00e1rio desconhecia completamente a ilegalidade da arma apreendida e n\u00e3o teve qualquer envolvimento com sua aquisi\u00e7\u00e3o.<\/span><\/p>\n<p><span class=\"text_exposed_show\">Apesar de todas as argumenta\u00e7\u00f5es e documenta\u00e7\u00f5es apresentadas os Policias Rodovi\u00e1rios insistiram em acusar e as redes sociais em macular o nome do empres\u00e1rio, sem se importar com as dr\u00e1sticas consequ\u00eancias que tais acusa\u00e7\u00f5es \u2013 vazias e sem provas \u2013 poderiam trazer para sua ilibada vida pessoal e profissional.\u201dPontuou Dr. Adalberto Junior, advogado da Empresa.<br \/>\n<img fetchpriority=\"high\" decoding=\"async\" class=\"aligncenter\" src=\"https:\/\/scontent.fcpv6-1.fna.fbcdn.net\/v\/t1.0-9\/45646435_2862470687112051_5588761425813176320_n.jpg?_nc_cat=100&amp;_nc_ht=scontent.fcpv6-1.fna&amp;oh=c03a1b698b2fa10717c50ad0c623bd22&amp;oe=5C89A237\" alt=\"A imagem pode conter: 1 pessoa, sentado, tela, laptop e \u00c3\u00a1rea interna\" width=\"327\" height=\"217\" \/><\/span><\/p>\n<p><span class=\"text_exposed_show\">Ainda relatando ao blog, Dr. Ricardo Siqueira disse: &#8220;Ap\u00f3s seis horas sem que fosse permitido nenhum contato com familiar ou advogados, \u00e0 meia noite e trinta os patronos do empres\u00e1rio o localizaram detido no plant\u00e3o policial da cidade de Esperan\u00e7a-PB, sendo tratado como um criminoso, muito embora todas as provas da origem l\u00edcita dos objetos apreendidos j\u00e1 houvessem sido apresentadas. Tanto \u00e9 assim que todos os objetos \u2013 exceto a arma que n\u00e3o pertencia ao empres\u00e1rio \u2013 foram devolvidos ao final das investiga\u00e7\u00f5es.<\/span><\/p>\n<p><span class=\"text_exposed_show\">O Sr. Jo\u00e3o Rodrigues de Lima Neto, cidad\u00e3o sem qualquer antecedente criminal, n\u00e3o participa e jamais participou de qualquer atividade criminosa, uma vez que sempre prezou pela transpar\u00eancia e legalidade de todas as suas transa\u00e7\u00f5es comerciais.\u201d Pontuou Dr. Ricardo Siqueira.<\/span><\/p>\n<p><span class=\"text_exposed_show\">De acordo com os advogados do empres\u00e1rio, a devolu\u00e7\u00e3o dos objetos, bem como todas as provas apresentadas s\u00e3o suficientes para demonstrar que a conduta do empres\u00e1rio n\u00e3o \u00e9 criminosa, uma vez tratar-se de rotineira transa\u00e7\u00e3o\u00a0<\/span><span class=\"text_exposed_show\">comercial, tudo conforme ser\u00e1 cabalmente demonstrado ao decorrer do caso.<\/span><\/p>\n<p><span class=\"text_exposed_show\"><img decoding=\"async\" class=\"aligncenter lazyload\" data-src=\"https:\/\/scontent.fcpv6-1.fna.fbcdn.net\/v\/t1.0-9\/45631621_2862470660445387_8685660604049915904_n.jpg?_nc_cat=103&amp;_nc_ht=scontent.fcpv6-1.fna&amp;oh=d6b22c8500eb0aedea812e05145f5e7b&amp;oe=5C3DA81B\" alt=\"A imagem pode conter: 3 pessoas, pessoas sentadas e \u00c3\u00a1rea interna\" width=\"688\" height=\"456\" src=\"data:image\/svg+xml;base64,PHN2ZyB3aWR0aD0iMSIgaGVpZ2h0PSIxIiB4bWxucz0iaHR0cDovL3d3dy53My5vcmcvMjAwMC9zdmciPjwvc3ZnPg==\" style=\"--smush-placeholder-width: 688px; --smush-placeholder-aspect-ratio: 688\/456;\" \/><br \/>\nTodos esses fatos foram comprovados atrav\u00e9s de farta documenta\u00e7\u00e3o apresentada ao Blog do Marcello Patriota.<br \/>\nOs advogados estudam a possibilidade do Empres\u00e1rio e cidad\u00e3o Jo\u00e3o Neto que foi v\u00edtima de abuso de autoridade interpelar o Estado por dano moral na Justi\u00e7a, contra o estado. <\/span><\/p>\n<p><span class=\"text_exposed_show\"><img decoding=\"async\" class=\"aligncenter lazyload\" data-src=\"https:\/\/scontent.fcpv6-1.fna.fbcdn.net\/v\/t1.0-9\/45519662_1830556323734155_8616432212344045568_n.jpg?_nc_cat=104&amp;_nc_ht=scontent.fcpv6-1.fna&amp;oh=c5975062f06ce09e09ed7c2dc1c2cef4&amp;oe=5C3F262F\" alt=\"A imagem pode conter: c\u00c3\u00a9u, nuvem e atividades ao ar livre\" width=\"200\" height=\"150\" src=\"data:image\/svg+xml;base64,PHN2ZyB3aWR0aD0iMSIgaGVpZ2h0PSIxIiB4bWxucz0iaHR0cDovL3d3dy53My5vcmcvMjAwMC9zdmciPjwvc3ZnPg==\" style=\"--smush-placeholder-width: 200px; --smush-placeholder-aspect-ratio: 200\/150;\" \/><\/span><\/p>\n<p><span class=\"text_exposed_show\">Na foto acima, o carro Pipa que foi comprado por Jo\u00e3o Neto,\u00a0no Munic\u00edpio de S\u00e3o Jos\u00e9 da Mata-PB.<\/span><\/p>\n<p><img decoding=\"async\" class=\"aligncenter lazyload\" data-src=\"https:\/\/scontent.fcpv6-1.fna.fbcdn.net\/v\/t1.0-9\/45579951_1830572987065822_6386622622624382976_n.jpg?_nc_cat=103&amp;_nc_ht=scontent.fcpv6-1.fna&amp;oh=7ccbe39b9b1aebd7c8ae58781166a911&amp;oe=5C6D5FC6\" width=\"650\" height=\"512\" src=\"data:image\/svg+xml;base64,PHN2ZyB3aWR0aD0iMSIgaGVpZ2h0PSIxIiB4bWxucz0iaHR0cDovL3d3dy53My5vcmcvMjAwMC9zdmciPjwvc3ZnPg==\" style=\"--smush-placeholder-width: 650px; --smush-placeholder-aspect-ratio: 650\/512;\" \/><\/p>\n<p>Na foto acima o Empres\u00e1rio Jo\u00e3o Neto, com os advogados da Empresa Dr. Adalberto Junior, Dr. Ricardo Siqueira e Dr. Queiroga, no F\u00f3rum de Pocinhos-PB.<\/p>\n<p>Com<strong> Marcello Patriota<\/strong><\/p>\n","protected":false},"excerpt":{"rendered":"<p>O Blog Marcello Patriota esteve visitando o Escrit\u00f3rio do Empres\u00e1rio do Ramo de Entretenimento Jo\u00e3o Rodrigues de Lima Neto,que em 29\/10\/2018, o Sr. Jo\u00e3o Neto,&hellip; <\/p>\n","protected":false},"author":2,"featured_media":71458,"comment_status":"closed","ping_status":"closed","sticky":false,"template":"","format":"standard","meta":{"sfsi_plus_gutenberg_text_before_share":"","sfsi_plus_gutenberg_show_text_before_share":"","sfsi_plus_gutenberg_icon_type":"","sfsi_plus_gutenberg_icon_alignemt":"","sfsi_plus_gutenburg_max_per_row":"","footnotes":""},"categories":[2],"tags":[],"class_list":["post-71452","post","type-post","status-publish","format-standard","has-post-thumbnail","hentry","category-geral"],"_links":{"self":[{"href":"https:\/\/www.caririemacao.com\/1\/wp-json\/wp\/v2\/posts\/71452","targetHints":{"allow":["GET"]}}],"collection":[{"href":"https:\/\/www.caririemacao.com\/1\/wp-json\/wp\/v2\/posts"}],"about":[{"href":"https:\/\/www.caririemacao.com\/1\/wp-json\/wp\/v2\/types\/post"}],"author":[{"embeddable":true,"href":"https:\/\/www.caririemacao.com\/1\/wp-json\/wp\/v2\/users\/2"}],"replies":[{"embeddable":true,"href":"https:\/\/www.caririemacao.com\/1\/wp-json\/wp\/v2\/comments?post=71452"}],"version-history":[{"count":2,"href":"https:\/\/www.caririemacao.com\/1\/wp-json\/wp\/v2\/posts\/71452\/revisions"}],"predecessor-version":[{"id":71459,"href":"https:\/\/www.caririemacao.com\/1\/wp-json\/wp\/v2\/posts\/71452\/revisions\/71459"}],"wp:featuredmedia":[{"embeddable":true,"href":"https:\/\/www.caririemacao.com\/1\/wp-json\/wp\/v2\/media\/71458"}],"wp:attachment":[{"href":"https:\/\/www.caririemacao.com\/1\/wp-json\/wp\/v2\/media?parent=71452"}],"wp:term":[{"taxonomy":"category","embeddable":true,"href":"https:\/\/www.caririemacao.com\/1\/wp-json\/wp\/v2\/categories?post=71452"},{"taxonomy":"post_tag","embeddable":true,"href":"https:\/\/www.caririemacao.com\/1\/wp-json\/wp\/v2\/tags?post=71452"}],"curies":[{"name":"wp","href":"https:\/\/api.w.org\/{rel}","templated":true}]}}