{"id":71466,"date":"2018-11-08T07:09:46","date_gmt":"2018-11-08T10:09:46","guid":{"rendered":"http:\/\/www.caririemacao.com\/1\/?p=71466"},"modified":"2018-11-08T07:09:46","modified_gmt":"2018-11-08T10:09:46","slug":"operacao-combate-trafico-de-drogas-na-paraiba","status":"publish","type":"post","link":"https:\/\/www.caririemacao.com\/1\/2018\/11\/08\/operacao-combate-trafico-de-drogas-na-paraiba\/","title":{"rendered":"Opera\u00e7\u00e3o combate tr\u00e1fico de drogas na Para\u00edba"},"content":{"rendered":"<p>A Pol\u00edcia Civil deflagrou opera\u00e7\u00e3o munic\u00edpio de Santa Rita nas primeiras horas da manh\u00e3 desta quinta-feira (8),\u00a0no combate ao tr\u00e1fico de drogas. Est\u00e3o sendo cumpridos 14 mandados de pris\u00e3o. At\u00e9 o momento 12 pessoas foram presas.<\/p>\n<p>A opera\u00e7\u00e3o Anf\u00edbio investiga o tr\u00e1fico de drogas comandada diretamente de dentro dos pres\u00eddios.<\/p>\n<p>Segundo o secret\u00e1rio Cl\u00e1udio Lima, presos do PB1 estavam comandando o tr\u00e1fico de drogas.<\/p>\n<p>Uma pessoa tamb\u00e9m foi detida em flagrante por porte ilegal de arma de fogo.<\/p>\n<p>Os acusados foram encaminhados \u00e0 Central de Flagrantes no bairro do Geisel, na capital.<\/p>\n<p>clickPB<\/p>\n","protected":false},"excerpt":{"rendered":"<p>A Pol\u00edcia Civil deflagrou opera\u00e7\u00e3o munic\u00edpio de Santa Rita nas primeiras horas da manh\u00e3 desta quinta-feira (8),\u00a0no combate ao tr\u00e1fico de drogas. Est\u00e3o sendo cumpridos&hellip; <\/p>\n","protected":false},"author":1,"featured_media":50551,"comment_status":"closed","ping_status":"closed","sticky":false,"template":"","format":"standard","meta":{"sfsi_plus_gutenberg_text_before_share":"","sfsi_plus_gutenberg_show_text_before_share":"","sfsi_plus_gutenberg_icon_type":"","sfsi_plus_gutenberg_icon_alignemt":"","sfsi_plus_gutenburg_max_per_row":"","footnotes":""},"categories":[12],"tags":[],"class_list":["post-71466","post","type-post","status-publish","format-standard","has-post-thumbnail","hentry","category-policia"],"_links":{"self":[{"href":"https:\/\/www.caririemacao.com\/1\/wp-json\/wp\/v2\/posts\/71466","targetHints":{"allow":["GET"]}}],"collection":[{"href":"https:\/\/www.caririemacao.com\/1\/wp-json\/wp\/v2\/posts"}],"about":[{"href":"https:\/\/www.caririemacao.com\/1\/wp-json\/wp\/v2\/types\/post"}],"author":[{"embeddable":true,"href":"https:\/\/www.caririemacao.com\/1\/wp-json\/wp\/v2\/users\/1"}],"replies":[{"embeddable":true,"href":"https:\/\/www.caririemacao.com\/1\/wp-json\/wp\/v2\/comments?post=71466"}],"version-history":[{"count":1,"href":"https:\/\/www.caririemacao.com\/1\/wp-json\/wp\/v2\/posts\/71466\/revisions"}],"predecessor-version":[{"id":71467,"href":"https:\/\/www.caririemacao.com\/1\/wp-json\/wp\/v2\/posts\/71466\/revisions\/71467"}],"wp:featuredmedia":[{"embeddable":true,"href":"https:\/\/www.caririemacao.com\/1\/wp-json\/wp\/v2\/media\/50551"}],"wp:attachment":[{"href":"https:\/\/www.caririemacao.com\/1\/wp-json\/wp\/v2\/media?parent=71466"}],"wp:term":[{"taxonomy":"category","embeddable":true,"href":"https:\/\/www.caririemacao.com\/1\/wp-json\/wp\/v2\/categories?post=71466"},{"taxonomy":"post_tag","embeddable":true,"href":"https:\/\/www.caririemacao.com\/1\/wp-json\/wp\/v2\/tags?post=71466"}],"curies":[{"name":"wp","href":"https:\/\/api.w.org\/{rel}","templated":true}]}}