{"id":71468,"date":"2018-11-08T07:14:16","date_gmt":"2018-11-08T10:14:16","guid":{"rendered":"http:\/\/www.caririemacao.com\/1\/?p=71468"},"modified":"2018-11-08T07:14:16","modified_gmt":"2018-11-08T10:14:16","slug":"justica-federal-na-paraiba-promove-leilao-de-diversos-bens-nesta-quinta-feira","status":"publish","type":"post","link":"https:\/\/www.caririemacao.com\/1\/2018\/11\/08\/justica-federal-na-paraiba-promove-leilao-de-diversos-bens-nesta-quinta-feira\/","title":{"rendered":"Justi\u00e7a Federal na Para\u00edba promove leil\u00e3o de diversos bens nesta quinta-feira"},"content":{"rendered":"<p>A Justi\u00e7a Federal na Para\u00edba promover\u00e1 o segundo Leil\u00e3o Judicial do ano nesta quinta-feira (8), \u00e0s 9h, em 1\u00aa pra\u00e7a, com bens relativos a processos que tramitam nas Varas Federais de Jo\u00e3o Pessoa, Campina Grande, Monteiro, Guarabira, Patos e Sousa.<\/p>\n<p>Os interessados poder\u00e3o participar atrav\u00e9s das modalidades presencial (audit\u00f3rio da Justi\u00e7a Federal, em Campina Grande), telepresencial (videoconfer\u00eancia no edif\u00edcio-sede, em Jo\u00e3o Pessoa, e nas subse\u00e7\u00f5es de Sousa, Monteiro, Patos e Guarabira) e virtual, diretamente com os leiloeiros cadastrados.<\/p>\n<p><a href=\"https:\/\/www.clickpb.com.br\/media\/filer_public\/25\/c8\/25c880c9-7474-41ed-9878-b6855006a45c\/edital_de_leilao_02_2018.pdf\" data-file=\"\">Confira o edital<\/a><\/p>\n<p>Os bens poder\u00e3o ser arrematados por um pre\u00e7o m\u00ednimo a partir de 50% do valor da avalia\u00e7\u00e3o, conforme determina o Novo C\u00f3digo de Processo Civil, exceto os casos previstos no edital.<\/p>\n<p>A lista de bens para o leil\u00e3o comp\u00f5e: apartamentos, casas, lotes, pr\u00e9dios comerciais e industriais, autom\u00f3veis, televisores, m\u00e1quinas, equipamentos de inform\u00e1tica etc. Entre os itens, est\u00e3o os pr\u00e9dios: do antigo Hotel Ouro Branco (atualmente Hotel ARAM); do Hospital 13 de Maio (Instituto de Pneumologia da Para\u00edba); e do Sistema Educacional Impacto, pr\u00f3ximo \u00e0 Pra\u00e7a da Independ\u00eancia; todos em Jo\u00e3o Pessoa.<\/p>\n<p>Qualquer cidad\u00e3o, acima de 18 anos, poder\u00e1 se apresentar na sede da Justi\u00e7a Federal e oferecer lan\u00e7os. J\u00e1 o interessado em participar do leil\u00e3o via internet dever\u00e1 cadastrar-se previamente, com anteced\u00eancia m\u00ednima de 72 horas da data do evento e de modo absolutamente gratuito, ficando o interessado respons\u00e1vel civil e criminalmente pelas informa\u00e7\u00f5es lan\u00e7adas no preenchimento do cadastro, oportunidade em que preencher\u00e1 os dados pessoais e aceitar\u00e1 as condi\u00e7\u00f5es de participa\u00e7\u00e3o previstas no Edital e no Termo de Compromisso, constantes no site da Justi\u00e7a Federal.<\/p>\n<p>Dentro do projeto Leil\u00e3o Eficaz da JFPB, o evento se repetir\u00e1, em 2\u00aa data, no dia 22 de novembro, \u00e0s 9h, tamb\u00e9m em Campina Grande, com transmiss\u00f5es nas modalidades telepresencial e virtual.<\/p>\n","protected":false},"excerpt":{"rendered":"<p>A Justi\u00e7a Federal na Para\u00edba promover\u00e1 o segundo Leil\u00e3o Judicial do ano nesta quinta-feira (8), \u00e0s 9h, em 1\u00aa pra\u00e7a, com bens relativos a processos&hellip; <\/p>\n","protected":false},"author":1,"featured_media":52176,"comment_status":"closed","ping_status":"closed","sticky":false,"template":"","format":"standard","meta":{"sfsi_plus_gutenberg_text_before_share":"","sfsi_plus_gutenberg_show_text_before_share":"","sfsi_plus_gutenberg_icon_type":"","sfsi_plus_gutenberg_icon_alignemt":"","sfsi_plus_gutenburg_max_per_row":"","footnotes":""},"categories":[2],"tags":[],"class_list":["post-71468","post","type-post","status-publish","format-standard","has-post-thumbnail","hentry","category-geral"],"_links":{"self":[{"href":"https:\/\/www.caririemacao.com\/1\/wp-json\/wp\/v2\/posts\/71468","targetHints":{"allow":["GET"]}}],"collection":[{"href":"https:\/\/www.caririemacao.com\/1\/wp-json\/wp\/v2\/posts"}],"about":[{"href":"https:\/\/www.caririemacao.com\/1\/wp-json\/wp\/v2\/types\/post"}],"author":[{"embeddable":true,"href":"https:\/\/www.caririemacao.com\/1\/wp-json\/wp\/v2\/users\/1"}],"replies":[{"embeddable":true,"href":"https:\/\/www.caririemacao.com\/1\/wp-json\/wp\/v2\/comments?post=71468"}],"version-history":[{"count":1,"href":"https:\/\/www.caririemacao.com\/1\/wp-json\/wp\/v2\/posts\/71468\/revisions"}],"predecessor-version":[{"id":71469,"href":"https:\/\/www.caririemacao.com\/1\/wp-json\/wp\/v2\/posts\/71468\/revisions\/71469"}],"wp:featuredmedia":[{"embeddable":true,"href":"https:\/\/www.caririemacao.com\/1\/wp-json\/wp\/v2\/media\/52176"}],"wp:attachment":[{"href":"https:\/\/www.caririemacao.com\/1\/wp-json\/wp\/v2\/media?parent=71468"}],"wp:term":[{"taxonomy":"category","embeddable":true,"href":"https:\/\/www.caririemacao.com\/1\/wp-json\/wp\/v2\/categories?post=71468"},{"taxonomy":"post_tag","embeddable":true,"href":"https:\/\/www.caririemacao.com\/1\/wp-json\/wp\/v2\/tags?post=71468"}],"curies":[{"name":"wp","href":"https:\/\/api.w.org\/{rel}","templated":true}]}}