{"id":71470,"date":"2018-11-08T07:20:04","date_gmt":"2018-11-08T10:20:04","guid":{"rendered":"http:\/\/www.caririemacao.com\/1\/?p=71470"},"modified":"2018-11-08T07:20:04","modified_gmt":"2018-11-08T10:20:04","slug":"bolsonaro-vai-se-reunir-com-governadores-no-dia-14","status":"publish","type":"post","link":"https:\/\/www.caririemacao.com\/1\/2018\/11\/08\/bolsonaro-vai-se-reunir-com-governadores-no-dia-14\/","title":{"rendered":"Bolsonaro vai se reunir com governadores no dia 14"},"content":{"rendered":"<p>Os 27 governadores eleitos e reeleitos v\u00e3o se reunir na pr\u00f3xima quarta-feira (14), em Bras\u00edlia, com o presidente eleito Jair Bolsonaro e o economista Paulo Guedes, que deve assumir o superminist\u00e9rio da Economia (que agregar\u00e1 a Fazenda, o Planejamento e a Ind\u00fastria e Com\u00e9rcio). Em pauta, as prioridades econ\u00f4micas para os estados.<\/p>\n<p>O governador eleito de S\u00e3o Paulo, Jo\u00e3o Doria (PSDB), disse hoje (7) que a proposta da reuni\u00e3o foi apresentada por ele durante encontro com Bolsonaro e Guedes, no gabinete de transi\u00e7\u00e3o, no Centro Cultural de Bras\u00edlia (CCBB). Segundo o tucano, a reuni\u00e3o conta tamb\u00e9m com o apoio dos governadores eleitos do Rio de Janeiro, Wilson Witzel (PSC), e do Distrito Federal, Ibaneis Rocha (MDB).<\/p>\n<p>Doria disse que \u00e9 favor\u00e1vel \u00e0 proposta de Guedes para ser adotado o pacto federativo sustentado pelo programa de desestatiza\u00e7\u00e3o, que engloba projetos de concess\u00e3o, parceria p\u00fablico-privada e privatiza\u00e7\u00e3o. Ele n\u00e3o mencionou nomes de empresas nem companhias.<\/p>\n<p>O tucano afirmou tamb\u00e9m que apoia a implementa\u00e7\u00e3o de um programa de desburocratiza\u00e7\u00e3o e de medidas de seguran\u00e7a e combate \u00e0 viol\u00eancia.<\/p>\n<p>Para a reuni\u00e3o, na pr\u00f3xima semana, Doria disse que todos os governadores foram convidados e deve ocorrer no Centro Internacional de Conven\u00e7\u00f5es de Bras\u00edlia. A proposta \u00e9 que o encontro seja realizado pela manh\u00e3 e ao final, o presidente eleito participe.<\/p>\n<p>Ag\u00eancia Brasil<\/p>\n","protected":false},"excerpt":{"rendered":"<p>Os 27 governadores eleitos e reeleitos v\u00e3o se reunir na pr\u00f3xima quarta-feira (14), em Bras\u00edlia, com o presidente eleito Jair Bolsonaro e o economista Paulo&hellip; <\/p>\n","protected":false},"author":1,"featured_media":71471,"comment_status":"closed","ping_status":"closed","sticky":false,"template":"","format":"standard","meta":{"sfsi_plus_gutenberg_text_before_share":"","sfsi_plus_gutenberg_show_text_before_share":"","sfsi_plus_gutenberg_icon_type":"","sfsi_plus_gutenberg_icon_alignemt":"","sfsi_plus_gutenburg_max_per_row":"","footnotes":""},"categories":[1],"tags":[],"class_list":["post-71470","post","type-post","status-publish","format-standard","has-post-thumbnail","hentry","category-o-site"],"_links":{"self":[{"href":"https:\/\/www.caririemacao.com\/1\/wp-json\/wp\/v2\/posts\/71470","targetHints":{"allow":["GET"]}}],"collection":[{"href":"https:\/\/www.caririemacao.com\/1\/wp-json\/wp\/v2\/posts"}],"about":[{"href":"https:\/\/www.caririemacao.com\/1\/wp-json\/wp\/v2\/types\/post"}],"author":[{"embeddable":true,"href":"https:\/\/www.caririemacao.com\/1\/wp-json\/wp\/v2\/users\/1"}],"replies":[{"embeddable":true,"href":"https:\/\/www.caririemacao.com\/1\/wp-json\/wp\/v2\/comments?post=71470"}],"version-history":[{"count":1,"href":"https:\/\/www.caririemacao.com\/1\/wp-json\/wp\/v2\/posts\/71470\/revisions"}],"predecessor-version":[{"id":71472,"href":"https:\/\/www.caririemacao.com\/1\/wp-json\/wp\/v2\/posts\/71470\/revisions\/71472"}],"wp:featuredmedia":[{"embeddable":true,"href":"https:\/\/www.caririemacao.com\/1\/wp-json\/wp\/v2\/media\/71471"}],"wp:attachment":[{"href":"https:\/\/www.caririemacao.com\/1\/wp-json\/wp\/v2\/media?parent=71470"}],"wp:term":[{"taxonomy":"category","embeddable":true,"href":"https:\/\/www.caririemacao.com\/1\/wp-json\/wp\/v2\/categories?post=71470"},{"taxonomy":"post_tag","embeddable":true,"href":"https:\/\/www.caririemacao.com\/1\/wp-json\/wp\/v2\/tags?post=71470"}],"curies":[{"name":"wp","href":"https:\/\/api.w.org\/{rel}","templated":true}]}}