{"id":71481,"date":"2018-11-08T07:38:42","date_gmt":"2018-11-08T10:38:42","guid":{"rendered":"http:\/\/www.caririemacao.com\/1\/?p=71481"},"modified":"2018-11-08T07:38:42","modified_gmt":"2018-11-08T10:38:42","slug":"ligia-em-brasilia-vice-governadora-celebra-aniversario-de-ciro-gomes-e-participa-de-reuniao-com-deputados-eleitos-pelo-pdt","status":"publish","type":"post","link":"https:\/\/www.caririemacao.com\/1\/2018\/11\/08\/ligia-em-brasilia-vice-governadora-celebra-aniversario-de-ciro-gomes-e-participa-de-reuniao-com-deputados-eleitos-pelo-pdt\/","title":{"rendered":"L\u00cdGIA EM BRAS\u00cdLIA: Vice-governadora celebra anivers\u00e1rio de Ciro Gomes e participa de reuni\u00e3o com deputados eleitos pelo PDT"},"content":{"rendered":"<p>A vice-governadora da Para\u00edba, L\u00edgia Feliciano (PDT), cumpriu agenda nesta quarta-feira (07), em Bras\u00edlia. Na Capital Federal, L\u00edgia participou da reuni\u00e3o da Executiva do PDT com os parlamentares eleitos, sendo um deles o seu esposo Dami\u00e3o Feliciano reeleito para o cargo de deputado federal.<\/p>\n<p>\u201cO encontro foi muito promissor, a bancada do PDT cresceu muito, estamos com 29 deputados, antes \u00e9ramos 19\u201d, publicou a m\u00e9dica nas redes sociais.<span class=\"text_exposed_show\"><br \/>\n<\/span><\/p>\n<p>Na oportunidade, os pedetistas celebraram o anivers\u00e1rio de Ciro Gomes, presidenci\u00e1vel que chegou ao terceiro lugar na disputa em primeiro turno com 13 milh\u00f5es de votos. Ciro completou 61 anos de vida ontem, ter\u00e7a-feira (06).<\/p>\n<figure id=\"attachment_69353\" class=\"wp-caption aligncenter\"><img fetchpriority=\"high\" decoding=\"async\" class=\"size-full wp-image-69353 td-animation-stack-type0-2\" src=\"http:\/\/www.paraibadebate.com.br\/wp-content\/uploads\/2018\/11\/45501838_2013305542085142_3189494756128325632_n.jpg\" sizes=\"(max-width: 802px) 100vw, 802px\" srcset=\"http:\/\/www.paraibadebate.com.br\/wp-content\/uploads\/2018\/11\/45501838_2013305542085142_3189494756128325632_n.jpg 802w, http:\/\/www.paraibadebate.com.br\/wp-content\/uploads\/2018\/11\/45501838_2013305542085142_3189494756128325632_n-251x300.jpg 251w, http:\/\/www.paraibadebate.com.br\/wp-content\/uploads\/2018\/11\/45501838_2013305542085142_3189494756128325632_n-768x919.jpg 768w, http:\/\/www.paraibadebate.com.br\/wp-content\/uploads\/2018\/11\/45501838_2013305542085142_3189494756128325632_n-696x833.jpg 696w, http:\/\/www.paraibadebate.com.br\/wp-content\/uploads\/2018\/11\/45501838_2013305542085142_3189494756128325632_n-351x420.jpg 351w\" alt=\"\" width=\"802\" height=\"960\" \/><figcaption class=\"wp-caption-text\">Dami\u00e3o e L\u00edgia (Foto: Divulga\u00e7\u00e3o)<\/figcaption><\/figure>\n<p>L\u00edgia tamb\u00e9m enfatizou que o PDT estar\u00e1, juntamente com outros partidos, na oposi\u00e7\u00e3o ao presidente eleito, Jair Bolsonaro (PSL). \u201c<span class=\"text_exposed_show\">Vamos formar um grande grupo com outros partidos para ter uma oposi\u00e7\u00e3o baseada em propostas e responsabilidade, pois, nossa finalidade \u00e9 que o Brasil e os brasileiros estejam sempre em primeiro lugar, al\u00e9m do cumprimento da nossa constitui\u00e7\u00e3o e a garantia da nossa democracia\u201d, disse.<\/span><\/p>\n<p>Paraiba debate<\/p>\n","protected":false},"excerpt":{"rendered":"<p>A vice-governadora da Para\u00edba, L\u00edgia Feliciano (PDT), cumpriu agenda nesta quarta-feira (07), em Bras\u00edlia. Na Capital Federal, L\u00edgia participou da reuni\u00e3o da Executiva do PDT&hellip; <\/p>\n","protected":false},"author":1,"featured_media":71482,"comment_status":"closed","ping_status":"closed","sticky":false,"template":"","format":"standard","meta":{"sfsi_plus_gutenberg_text_before_share":"","sfsi_plus_gutenberg_show_text_before_share":"","sfsi_plus_gutenberg_icon_type":"","sfsi_plus_gutenberg_icon_alignemt":"","sfsi_plus_gutenburg_max_per_row":"","footnotes":""},"categories":[11],"tags":[],"class_list":["post-71481","post","type-post","status-publish","format-standard","has-post-thumbnail","hentry","category-politica"],"_links":{"self":[{"href":"https:\/\/www.caririemacao.com\/1\/wp-json\/wp\/v2\/posts\/71481","targetHints":{"allow":["GET"]}}],"collection":[{"href":"https:\/\/www.caririemacao.com\/1\/wp-json\/wp\/v2\/posts"}],"about":[{"href":"https:\/\/www.caririemacao.com\/1\/wp-json\/wp\/v2\/types\/post"}],"author":[{"embeddable":true,"href":"https:\/\/www.caririemacao.com\/1\/wp-json\/wp\/v2\/users\/1"}],"replies":[{"embeddable":true,"href":"https:\/\/www.caririemacao.com\/1\/wp-json\/wp\/v2\/comments?post=71481"}],"version-history":[{"count":1,"href":"https:\/\/www.caririemacao.com\/1\/wp-json\/wp\/v2\/posts\/71481\/revisions"}],"predecessor-version":[{"id":71483,"href":"https:\/\/www.caririemacao.com\/1\/wp-json\/wp\/v2\/posts\/71481\/revisions\/71483"}],"wp:featuredmedia":[{"embeddable":true,"href":"https:\/\/www.caririemacao.com\/1\/wp-json\/wp\/v2\/media\/71482"}],"wp:attachment":[{"href":"https:\/\/www.caririemacao.com\/1\/wp-json\/wp\/v2\/media?parent=71481"}],"wp:term":[{"taxonomy":"category","embeddable":true,"href":"https:\/\/www.caririemacao.com\/1\/wp-json\/wp\/v2\/categories?post=71481"},{"taxonomy":"post_tag","embeddable":true,"href":"https:\/\/www.caririemacao.com\/1\/wp-json\/wp\/v2\/tags?post=71481"}],"curies":[{"name":"wp","href":"https:\/\/api.w.org\/{rel}","templated":true}]}}