{"id":71495,"date":"2018-11-08T09:07:16","date_gmt":"2018-11-08T12:07:16","guid":{"rendered":"http:\/\/www.caririemacao.com\/1\/?p=71495"},"modified":"2018-11-08T09:25:33","modified_gmt":"2018-11-08T12:25:33","slug":"71495","status":"publish","type":"post","link":"https:\/\/www.caririemacao.com\/1\/2018\/11\/08\/71495\/","title":{"rendered":"Deputados do Nordeste se equilibram entre governadores de esquerda e Bolsonaro"},"content":{"rendered":"<p>Eles ter\u00e3o que fazer uma gin\u00e1stica ideol\u00f3gica para serem governistas tanto no campo estadual quanto no plano nacional.<\/p>\n<p>Deputados federais do Nordeste de partidos como PP, PR, PSD e DEM caminham para, ao mesmo tempo, apoiar o presidente Jair Bolsonaro (PSL) e governadores de partidos de esquerda \u00e0 frente de seus respectivos estados.<\/p>\n<p>Ao todo, 7 dos 9 estados nordestinos ser\u00e3o geridos por legendas de esquerda a partir do pr\u00f3ximo ano -ser\u00e3o quatro governadores do PT, dois do PSB e um do PC do B.<\/p>\n<p>Na Bahia, PP e PR, que fazem parte da base do governador Rui Costa (PT), devem apoiar Bolsonaro. J\u00e1 o PSD baiano caminha para uma postura de independ\u00eancia em rela\u00e7\u00e3o ao novo presidente.<\/p>\n<p>Parte dos deputados j\u00e1 apoiava Bolsonaro antes mesmo da defini\u00e7\u00e3o das elei\u00e7\u00f5es presidenciais. Um dos casos mais emblem\u00e1ticos foi o do deputado federal reeleito pela Bahia Jo\u00e3o Carlos Bacelar (PR).<\/p>\n<p>Na v\u00e9spera do segundo turno, enquanto Rui Costa liderava uma caminhada em Salvador em prol do presidenci\u00e1vel petista Fernando Haddad, Bacelar estava no Rio na casa de Jair\u00a0Bolsonaro.<\/p>\n<p>O deputado afirma n\u00e3o ver constrangimento em defender governos com linhas ideol\u00f3gicas opostas. E diz que atuar\u00e1 como interlocutor entre o governador e o presidente.<\/p>\n<p>\u201cSou \u2018Bolsorui\u2019. Sempre defendi isso dentro do meu partido, n\u00e3o seria agora que mudaria de posi\u00e7\u00e3o\u201d, diz Bacelar, cuja legenda comanda a Secretaria de Turismo, al\u00e9m de \u00f3rg\u00e3os do governo baiano.<\/p>\n<p>O apoio do deputado a Bolsonaro antes do resultado das urnas n\u00e3o foi bem recebido pelo governador, que comentou a atitude do aliado no dia da vota\u00e7\u00e3o do segundo turno.<\/p>\n<p>\u201cCada um vai fazendo suas escolhas na vida. Eu agrade\u00e7o sempre as pessoas que tem atitudes firmes. A gente gosta e aprende a gostar de pessoas que s\u00e3o ponta firmes, que seguram a sua palavra em qualquer situa\u00e7\u00e3o\u201d, afirmou.<\/p>\n<p>Para o deputado federal Josias Gomes (PT-BA), que comandou a articula\u00e7\u00e3o pol\u00edtica na primeira gest\u00e3o de Rui Costa, a postura d\u00fabia de alguns parlamentares n\u00e3o \u00e9 exatamente uma novidade -parte deles j\u00e1 apoiou o presidente Michel Temer (MDB).<\/p>\n<p>\u201cN\u00e3o ter\u00e1 vida f\u00e1cil o deputado que votar a favor de medidas que Bolsonaro prop\u00f5e e que v\u00e3o de encontro a interesses do povo nordestino\u201d, diz.<\/p>\n<p>Em Pernambuco, tr\u00eas partidos que est\u00e3o na base de sustenta\u00e7\u00e3o de Paulo C\u00e2mara (PSB) devem apoiar o governo Bolsonaro -PR, PP e Patriota. Os deputados Pastor Eurico (Patriota), Eduardo da Fonte (PP), Fernando Monteiro (PP) e Sebasti\u00e3o Oliveira (PR) elegeram-se na coliga\u00e7\u00e3o Frente Popular, que englobava 12 siglas em apoio ao governador reeleito.<\/p>\n<p>Eurico, que disputou a elei\u00e7\u00e3o na coliga\u00e7\u00e3o de C\u00e2mara, j\u00e1 anunciou apoio a Bolsonaro.<\/p>\n<p>\u201cN\u00e3o existe contradi\u00e7\u00e3o. Minha coliga\u00e7\u00e3o com o governador foi para a elei\u00e7\u00e3o estadual. Os deputados ficaram livres no plano federal.\u201d<\/p>\n<p>O parlamentar disse esperar n\u00e3o sofrer retalia\u00e7\u00f5es do governador Paulo C\u00e2mara e amea\u00e7a deixar a base do governador caso seja contestado. \u201cSe isso ocorrer, quem vai colocar a boca no trombone sou eu. Ningu\u00e9m \u00e9 obrigado a integrar a base ou ser contra o presidente\u201d, disse.<\/p>\n<p>A situa\u00e7\u00e3o se repete no\u00a0Cear\u00e1, Maranh\u00e3o e Para\u00edba, estados em que at\u00e9 o DEM far\u00e1 parte da base aliada dos governadores reeleitos Camilo Santana (PT) e Fl\u00e1vio Dino (PC do B) e do governador eleito Jo\u00e3o Azevedo (PSB).<\/p>\n<p>O DEM caminha para ser um dos partidos pr\u00f3ximos do novo presidente e ter\u00e1 o deputado federal Onyx Lorenzoni (RS) como chefe da Casa Civil.<\/p>\n<p>O deputado federal Efraim Filho (foto), do DEM da Para\u00edba, afirma que o apoio a Bolsonaro acontecer\u00e1 por convic\u00e7\u00e3o e identidade com a agenda para o pa\u00eds. Mas diz que n\u00e3o ser\u00e1 por isso que vai deixar de apoiar o PSB em seu estado, cujas gest\u00f5es considera exitosas.<\/p>\n<p>Ele promete servir como ponte entre o governador e o presidente e diz acreditar que a pr\u00f3xima legislatura ser\u00e1 marcada por menos conflitos a despeito das diferen\u00e7as ideol\u00f3gicas entre os grupos que apoia local e nacionalmente.<\/p>\n<p>\u201cO clima de tensionamento j\u00e1 atingiu seu \u00e1pice nos \u00faltimos dois anos. Agora \u00e9 hora de buscar uma agenda convergente para defender os interesses do nosso estado.\u201d<\/p>\n<p style=\"text-align: right;\"><em><strong>Folha Press\/Foto: Reprodu\u00e7\u00e3o\u00a0<\/strong><\/em><\/p>\n","protected":false},"excerpt":{"rendered":"<p>Eles ter\u00e3o que fazer uma gin\u00e1stica ideol\u00f3gica para serem governistas tanto no campo estadual quanto no plano nacional. Deputados federais do Nordeste de partidos como&hellip; <\/p>\n","protected":false},"author":1,"featured_media":47865,"comment_status":"closed","ping_status":"closed","sticky":false,"template":"","format":"standard","meta":{"sfsi_plus_gutenberg_text_before_share":"","sfsi_plus_gutenberg_show_text_before_share":"","sfsi_plus_gutenberg_icon_type":"","sfsi_plus_gutenberg_icon_alignemt":"","sfsi_plus_gutenburg_max_per_row":"","footnotes":""},"categories":[11],"tags":[],"class_list":["post-71495","post","type-post","status-publish","format-standard","has-post-thumbnail","hentry","category-politica"],"_links":{"self":[{"href":"https:\/\/www.caririemacao.com\/1\/wp-json\/wp\/v2\/posts\/71495","targetHints":{"allow":["GET"]}}],"collection":[{"href":"https:\/\/www.caririemacao.com\/1\/wp-json\/wp\/v2\/posts"}],"about":[{"href":"https:\/\/www.caririemacao.com\/1\/wp-json\/wp\/v2\/types\/post"}],"author":[{"embeddable":true,"href":"https:\/\/www.caririemacao.com\/1\/wp-json\/wp\/v2\/users\/1"}],"replies":[{"embeddable":true,"href":"https:\/\/www.caririemacao.com\/1\/wp-json\/wp\/v2\/comments?post=71495"}],"version-history":[{"count":3,"href":"https:\/\/www.caririemacao.com\/1\/wp-json\/wp\/v2\/posts\/71495\/revisions"}],"predecessor-version":[{"id":71498,"href":"https:\/\/www.caririemacao.com\/1\/wp-json\/wp\/v2\/posts\/71495\/revisions\/71498"}],"wp:featuredmedia":[{"embeddable":true,"href":"https:\/\/www.caririemacao.com\/1\/wp-json\/wp\/v2\/media\/47865"}],"wp:attachment":[{"href":"https:\/\/www.caririemacao.com\/1\/wp-json\/wp\/v2\/media?parent=71495"}],"wp:term":[{"taxonomy":"category","embeddable":true,"href":"https:\/\/www.caririemacao.com\/1\/wp-json\/wp\/v2\/categories?post=71495"},{"taxonomy":"post_tag","embeddable":true,"href":"https:\/\/www.caririemacao.com\/1\/wp-json\/wp\/v2\/tags?post=71495"}],"curies":[{"name":"wp","href":"https:\/\/api.w.org\/{rel}","templated":true}]}}