{"id":71503,"date":"2018-11-08T09:45:05","date_gmt":"2018-11-08T12:45:05","guid":{"rendered":"http:\/\/www.caririemacao.com\/1\/?p=71503"},"modified":"2018-11-08T09:45:05","modified_gmt":"2018-11-08T12:45:05","slug":"cassio-desabafa-sobre-o-que-contribuiu-para-a-sua-derrota","status":"publish","type":"post","link":"https:\/\/www.caririemacao.com\/1\/2018\/11\/08\/cassio-desabafa-sobre-o-que-contribuiu-para-a-sua-derrota\/","title":{"rendered":"C\u00e1ssio desabafa sobre o que contribuiu para a sua derrota"},"content":{"rendered":"<p>Em um de suas primeiras entrevistas a uma emissora de r\u00e1dio de Campina Grande, ap\u00f3s as elei\u00e7\u00f5es de 7 de outubro, quando saiu derrotado, o senador C\u00e1ssio Cunha Lima (PSDB) disse que diversos fatores levaram ao rev\u00e9s\u00a0nas urnas. O senador citou como um dos motivos para a n\u00e3o reelei\u00e7\u00e3o, a sua posi\u00e7\u00e3o clara em rela\u00e7\u00e3o ao impeachment da ex-presidente da Rep\u00fablica, Dilma Rousseff (PT).<\/p>\n<div class=\"green-area t-left t-cont text-center\">\n<div class=\"anuncio\">\n<div id=\"div-gpt-ad-1493386374551-0\" data-google-query-id=\"COnJ2ermxN4CFdUQhgodRp0N4w\">\n<div id=\"google_ads_iframe_\/21685702823\/New_Sec_Conteudo_0__container__\">O senador tamb\u00e9m reconheceu que a sua posi\u00e7\u00e3o que teve em rela\u00e7\u00e3o \u00e0 Reforma Trabalhista tamb\u00e9m pesou no voto das pessoas, citando que fizeram um alarde acerca da reforma espalhando inverdades.<\/div>\n<\/div>\n<\/div>\n<\/div>\n<p>C\u00e1ssio declarou que est\u00e1 no melhor caminho, pois ele foi definido por Deus e pelo povo.<\/p>\n<p>\u2013 N\u00e3o se perde uma elei\u00e7\u00e3o por uma raz\u00e3o \u00fanica, voc\u00ea tem v\u00e1rios fatores. Eu tenho consci\u00eancia do mandato que fiz. Honrei a Para\u00edba com um mandato operoso. Tenho muita serenidade neste instante, porque durante toda a minha vida p\u00fablica Deus e o povo sempre me conduziram para o melhor caminho. Deus e o povo sempre me conduziram para o melhor caminho e dessa vez n\u00e3o foi diferente \u2013 disse.<\/p>\n<p>Vale lembrar que antes do per\u00edodo eleitoral, o senador tucano foi hostilizado v\u00e1rias vezes por eleitores que n\u00e3o concordaram com a sua posi\u00e7\u00e3o em rela\u00e7\u00e3o ao impeachment de Dilma.<\/p>\n<p style=\"text-align: right;\"><strong><em>PB Agora\/Foto: Internet<\/em><\/strong><\/p>\n","protected":false},"excerpt":{"rendered":"<p>Em um de suas primeiras entrevistas a uma emissora de r\u00e1dio de Campina Grande, ap\u00f3s as elei\u00e7\u00f5es de 7 de outubro, quando saiu derrotado, o&hellip; <\/p>\n","protected":false},"author":1,"featured_media":18340,"comment_status":"closed","ping_status":"closed","sticky":false,"template":"","format":"standard","meta":{"sfsi_plus_gutenberg_text_before_share":"","sfsi_plus_gutenberg_show_text_before_share":"","sfsi_plus_gutenberg_icon_type":"","sfsi_plus_gutenberg_icon_alignemt":"","sfsi_plus_gutenburg_max_per_row":"","footnotes":""},"categories":[11],"tags":[],"class_list":["post-71503","post","type-post","status-publish","format-standard","has-post-thumbnail","hentry","category-politica"],"_links":{"self":[{"href":"https:\/\/www.caririemacao.com\/1\/wp-json\/wp\/v2\/posts\/71503","targetHints":{"allow":["GET"]}}],"collection":[{"href":"https:\/\/www.caririemacao.com\/1\/wp-json\/wp\/v2\/posts"}],"about":[{"href":"https:\/\/www.caririemacao.com\/1\/wp-json\/wp\/v2\/types\/post"}],"author":[{"embeddable":true,"href":"https:\/\/www.caririemacao.com\/1\/wp-json\/wp\/v2\/users\/1"}],"replies":[{"embeddable":true,"href":"https:\/\/www.caririemacao.com\/1\/wp-json\/wp\/v2\/comments?post=71503"}],"version-history":[{"count":1,"href":"https:\/\/www.caririemacao.com\/1\/wp-json\/wp\/v2\/posts\/71503\/revisions"}],"predecessor-version":[{"id":71507,"href":"https:\/\/www.caririemacao.com\/1\/wp-json\/wp\/v2\/posts\/71503\/revisions\/71507"}],"wp:featuredmedia":[{"embeddable":true,"href":"https:\/\/www.caririemacao.com\/1\/wp-json\/wp\/v2\/media\/18340"}],"wp:attachment":[{"href":"https:\/\/www.caririemacao.com\/1\/wp-json\/wp\/v2\/media?parent=71503"}],"wp:term":[{"taxonomy":"category","embeddable":true,"href":"https:\/\/www.caririemacao.com\/1\/wp-json\/wp\/v2\/categories?post=71503"},{"taxonomy":"post_tag","embeddable":true,"href":"https:\/\/www.caririemacao.com\/1\/wp-json\/wp\/v2\/tags?post=71503"}],"curies":[{"name":"wp","href":"https:\/\/api.w.org\/{rel}","templated":true}]}}