{"id":71518,"date":"2018-11-08T10:43:37","date_gmt":"2018-11-08T13:43:37","guid":{"rendered":"http:\/\/www.caririemacao.com\/1\/?p=71518"},"modified":"2018-11-08T10:43:37","modified_gmt":"2018-11-08T13:43:37","slug":"lava-jato-prende-10-deputados-estaduais-e-um-federal-eleito-no-rio","status":"publish","type":"post","link":"https:\/\/www.caririemacao.com\/1\/2018\/11\/08\/lava-jato-prende-10-deputados-estaduais-e-um-federal-eleito-no-rio\/","title":{"rendered":"Lava Jato prende 10 deputados estaduais e um federal eleito no Rio"},"content":{"rendered":"<p>A Pol\u00edcia Federal cumpre nesta quinta-feira (8) no Rio 22 mandados de pris\u00e3o contra suspeitos de participar de um esquema de corrup\u00e7\u00e3o comandado pelo ex-governador S\u00e9rgio Cabral (MDB). Dez deputados estaduais do Rio e outras 12 pessoas \u2013entre elas,\u00a0um deputado federal eleito neste ano, um secret\u00e1rio de Governo e um ex-presidente do Detran-RJ\u00a0(Departamento de Tr\u00e2nsito do Estado do Rio) s\u00e3o alvos da Opera\u00e7\u00e3o Furna da On\u00e7a, desdobramento da Cadeia Velha, no \u00e2mbito da\u00a0Lava Jato.<\/p>\n<p>Segundo\u00a0a\u00a0Lava Jato,\u00a0\u201ca organiza\u00e7\u00e3o criminosa chefiada por Cabral\u201d pagava propina mensal (\u201cmensalinho\u201d) a deputados estaduais em troca de apoio. Cabral est\u00e1 preso desde 2016.\u00a0De acordo com a procuradora Renata Ribeiro Baptista, os mensalinhos variavam de R$ 20 mil e R$ 900 mil. A Lava Jato informou que o esquema movimentou R$ 54,5 milh\u00f5es desde a gest\u00e3o Cabral \u2013parte desses valores envolvia sobrepre\u00e7o de contratos.<\/p>\n<p>As pris\u00f5es\u00a0foram determinadas pelo Tribunal Regional Federal da 2\u00aa Regi\u00e3o \u2013alvos da opera\u00e7\u00e3o t\u00eam foro privilegiado\u2013\u00a0ap\u00f3s decis\u00e3o un\u00e2nime de cinco desembargadores que comp\u00f5em a 1\u00aa Se\u00e7\u00e3o Criminal do TRF2.<\/p>\n<p>Gabinetes da Alerj (Assembleia Legislativa do Rio de Janeiro) e o Pal\u00e1cio Guanabara, sede do governo do estado, foram vasculhados\u00a0na manh\u00e3 desta quinta pela PF.\u00a0Tamb\u00e9m s\u00e3o cumpridos 47 mandados de busca e apreens\u00e3o em mais de 40 endere\u00e7os.<\/p>\n<p>Segundo o\u00a0MPF, a opera\u00e7\u00e3o investiga a participa\u00e7\u00e3o de deputados estaduais do Rio em esquema de corrup\u00e7\u00e3o, lavagem de dinheiro e loteamento de cargos p\u00fablicos e m\u00e3o de obra terceirizada, principalmente no Detran do estado. O atual presidente do Detran,\u00a0Leonardo Silva Jacob, e seu antecessor\u00a0Vin\u00edcius\u00a0Farah, rec\u00e9m-eleito deputado federal pelo\u00a0MDB, tamb\u00e9m est\u00e3o sendo buscados pela pol\u00edcia.<\/p>\n<p>Ao menos tr\u00eas suspeitos j\u00e1 est\u00e3o presos. Entre elas, est\u00e1\u00a0Affonso\u00a0Monnerat, secret\u00e1rio de Governo de Luiz Fernando Pez\u00e3o (MDB) e respons\u00e1vel pela interlocu\u00e7\u00e3o entre Alerj e prefeituras. Ele tamb\u00e9m \u00e9 respons\u00e1vel pela articula\u00e7\u00e3o entre o gabinete do governador e as secretarias de estado.<\/p>\n<p>Dos dez deputados, sete s\u00e3o alvos de mandado de pris\u00e3o pela primeira vez.\u00a0Jorge Picciani, ex-presidente da Alerj,\u00a0Edson Albertassi\u00a0e\u00a0Paulo Mello, todos do MDB,\u00a0j\u00e1 tinham sido presos em novembro do ano passado na Opera\u00e7\u00e3o Cadeia Velha.\u00a0Picciani passou a cumprir pris\u00e3o domiciliar por motivos de sa\u00fade em 28 de\u00a0mar\u00e7o, ap\u00f3s decis\u00e3o foi do STF (Supremo Tribunal Federal). J\u00e1 Albertassi e Mello est\u00e3o presos em Bangu.<\/p>\n<p>Dos outros 7 deputados alvos de mandado de pris\u00e3o,\u00a05 foram reeleitos este ano:<\/p>\n<ul>\n<li>Andre Correa (DEM)\u00a0\u2013 reeleito<\/li>\n<li>Chiquinho da Mangueira (PSC)\u00a0\u2013 reeleito<\/li>\n<li>Marcos Vin\u00edcius Vasconcelos Ferreira (PTB)\u00a0\u2013 reeleito<\/li>\n<li>Luiz Martins (PDT)\u00a0\u2013 reeleito<\/li>\n<li>Marcos Abrah\u00e3o (Avante)\u00a0\u2013 reeleito<\/li>\n<li>Coronel Jairo (Solidariedade)\u00a0\u2013 candidato, mas n\u00e3o se reelegeu<\/li>\n<li>Marcelo Sim\u00e3o (PP)\u00a0\u2013 candidato, mas n\u00e3o se reelegeu<\/li>\n<\/ul>\n<p>At\u00e9 as 9h, havia a confirma\u00e7\u00e3o das pris\u00f5es de Chiquinho da Mangueira, Correa e Monnerat.<\/p>\n<p>Dos 22 mandados de pris\u00e3o expedidos\u00a0pela Justi\u00e7a,\u00a019 s\u00e3o de pris\u00e3o tempor\u00e1ria (por at\u00e9 cinco dias) e tr\u00eas de pris\u00e3o preventiva (sem prazo).<\/p>\n<p>\u201cDe acordo com as investiga\u00e7\u00f5es, o \u201cmensalinho\u201d [pago aos deputados] era resultado de sobrepre\u00e7o de contratos estaduais e federais. De forma il\u00edcita, os parlamentares eram beneficiados ainda com o loteamento de cargos em diversos \u00f3rg\u00e3os p\u00fablicos do estado, onde poderiam alocar m\u00e3o de obra comissionada ou terceirizada\u201d, diz a PF em nota.<\/p>\n<p>Al\u00e9m da PF, a opera\u00e7\u00e3o Furna da On\u00e7a conta com a participa\u00e7\u00e3o do\u00a0MPF\u00a0(Minist\u00e9rio P\u00fablico Federal) e o apoio da Receita Federal.\u00a0A\u00a0investiga\u00e7\u00e3o tem\u00a0como base a\u00a0dela\u00e7\u00e3o premiada de Carlos Miranda, que disse gerenciar a propina arrecadada por Cabral.<\/p>\n<p>O nome Furna da On\u00e7a faz refer\u00eancia a uma sala ao lado do plen\u00e1rio da Alerj, onde deputados se re\u00fanem para ter conversas reservadas, destinada \u00e0s combina\u00e7\u00f5es secretas que resultam em decis\u00f5es individuais antes das vota\u00e7\u00f5es, momento conhecido como a hora da \u201con\u00e7a beber \u00e1gua\u201d.<\/p>\n<h3>Outro lado<\/h3>\n<p>A reportagem do\u00a0UOL\u00a0entrou em contato com alvos da opera\u00e7\u00e3o e aguarda retorno sobre a opera\u00e7\u00e3o.<\/p>\n<p>O deputado reeleito Andr\u00e9 Corr\u00eaa\u00a0fez um r\u00e1pido pronunciamento ao chegar \u00e0 PF. \u201cQuem n\u00e3o deve n\u00e3o teme. Sigo deputado e mantenho a minha candidatura \u00e0 Presid\u00eancia da Alerj. E sigo com a minha promessa de tirar o PSOL da Presid\u00eancia da Comiss\u00e3o de Direitos Humanos. Estou t\u00e3o confiante da minha inoc\u00eancia que n\u00e3o tenho nem advogado\u201d, disse ele.<\/p>\n<p>O\u00a0UOL\u00a0tamb\u00e9m procurou a assessoria de imprensa do governo Pez\u00e3o, que afirmou: \u201co governo desconhece os fatos e n\u00e3o teve acesso aos autos do processo\u201d.<\/p>\n<p>Procurado, o Detran afirmou que est\u00e1 \u201c\u00e0 disposi\u00e7\u00e3o das autoridades para qualquer esclarecimento\u201d.<\/p>\n<h3>Clima na Alerj<\/h3>\n<p>\u00c0s 9h30, agentes da PF faziam buscas no interior do pr\u00e9dio anexo \u00e0 Alerj. Alguns policiais sa\u00edram do local com computadores e documentos de origem n\u00e3o especificada.<\/p>\n<p>Um dos poucos deputados a chegar na Alerj nesta manh\u00e3, Paulo Ramos (PDT) comentou a pris\u00e3o dos colegas de bancada. \u201cPrecisamos verificar a constitucionalidade disso tudo. As dela\u00e7\u00f5es premiadas deixam as pessoas muito vulner\u00e1veis. Vale lembrar que os mandados s\u00e3o cumpridos contra 10 dos 70 deputados da Alerj\u201d, disse.<\/p>\n<p>Ramos foi expulso do PSOL em 2017, depois de contrariar o partido e votar pela soltura dos deputados Picciani, Albertassi e Mello. A assessoria da Alerj informou que n\u00e3o vai se pronunciar sobre o caso e que a sess\u00e3o plen\u00e1ria desta quinta, marcada para 15h, est\u00e1 mantida.<\/p>\n<h3>Cadeia Velha<\/h3>\n<p>Iniciada em novembro de 2017, a Opera\u00e7\u00e3o Cadeia Velha foi articulada a partir de investiga\u00e7\u00f5es sobre crimes envolvendo empres\u00e1rios do setor de transporte p\u00fablico e deputados da Alerj. Eles estariam envolvidos em ilegalidades como corrup\u00e7\u00e3o, associa\u00e7\u00e3o criminosa, lavagem de dinheiro e evas\u00e3o de divisas.<\/p>\n<p>Segundo representa\u00e7\u00e3o do Minist\u00e9rio P\u00fablico, diretores de empreiteiras como Odebrecht, OAS e Carioca Engenharia, entre outras, tamb\u00e9m teriam pagado propina a deputados em troca de leis favor\u00e1veis. O esquema funcionaria desde a d\u00e9cada de 1990.<\/p>\n<p>&nbsp;<\/p>\n<p>UOL<\/p>\n","protected":false},"excerpt":{"rendered":"<p>A Pol\u00edcia Federal cumpre nesta quinta-feira (8) no Rio 22 mandados de pris\u00e3o contra suspeitos de participar de um esquema de corrup\u00e7\u00e3o comandado pelo ex-governador&hellip; <\/p>\n","protected":false},"author":1,"featured_media":51851,"comment_status":"closed","ping_status":"closed","sticky":false,"template":"","format":"standard","meta":{"sfsi_plus_gutenberg_text_before_share":"","sfsi_plus_gutenberg_show_text_before_share":"","sfsi_plus_gutenberg_icon_type":"","sfsi_plus_gutenberg_icon_alignemt":"","sfsi_plus_gutenburg_max_per_row":"","footnotes":""},"categories":[1],"tags":[],"class_list":["post-71518","post","type-post","status-publish","format-standard","has-post-thumbnail","hentry","category-o-site"],"_links":{"self":[{"href":"https:\/\/www.caririemacao.com\/1\/wp-json\/wp\/v2\/posts\/71518","targetHints":{"allow":["GET"]}}],"collection":[{"href":"https:\/\/www.caririemacao.com\/1\/wp-json\/wp\/v2\/posts"}],"about":[{"href":"https:\/\/www.caririemacao.com\/1\/wp-json\/wp\/v2\/types\/post"}],"author":[{"embeddable":true,"href":"https:\/\/www.caririemacao.com\/1\/wp-json\/wp\/v2\/users\/1"}],"replies":[{"embeddable":true,"href":"https:\/\/www.caririemacao.com\/1\/wp-json\/wp\/v2\/comments?post=71518"}],"version-history":[{"count":1,"href":"https:\/\/www.caririemacao.com\/1\/wp-json\/wp\/v2\/posts\/71518\/revisions"}],"predecessor-version":[{"id":71519,"href":"https:\/\/www.caririemacao.com\/1\/wp-json\/wp\/v2\/posts\/71518\/revisions\/71519"}],"wp:featuredmedia":[{"embeddable":true,"href":"https:\/\/www.caririemacao.com\/1\/wp-json\/wp\/v2\/media\/51851"}],"wp:attachment":[{"href":"https:\/\/www.caririemacao.com\/1\/wp-json\/wp\/v2\/media?parent=71518"}],"wp:term":[{"taxonomy":"category","embeddable":true,"href":"https:\/\/www.caririemacao.com\/1\/wp-json\/wp\/v2\/categories?post=71518"},{"taxonomy":"post_tag","embeddable":true,"href":"https:\/\/www.caririemacao.com\/1\/wp-json\/wp\/v2\/tags?post=71518"}],"curies":[{"name":"wp","href":"https:\/\/api.w.org\/{rel}","templated":true}]}}