{"id":71520,"date":"2018-11-08T11:45:21","date_gmt":"2018-11-08T14:45:21","guid":{"rendered":"http:\/\/www.caririemacao.com\/1\/?p=71520"},"modified":"2018-11-08T11:45:21","modified_gmt":"2018-11-08T14:45:21","slug":"policia-cumpre-mandado-de-prisao-contra-jovem-acusado-de-roubar-moto-em-gurjao","status":"publish","type":"post","link":"https:\/\/www.caririemacao.com\/1\/2018\/11\/08\/policia-cumpre-mandado-de-prisao-contra-jovem-acusado-de-roubar-moto-em-gurjao\/","title":{"rendered":"Policia cumpre mandado de pris\u00e3o contra jovem acusado de roubar moto em Gurj\u00e3o"},"content":{"rendered":"<p>Na tarde desta \u00faltima ter\u00e7a-feira(06), as equipes de Policiais Civis das Delegacias de S\u00e3o Jo\u00e3o do Cariri e de Soledade fizeram dilig\u00eancia na cidade de Soledade, onde deram cumprimento a Mandado de Pris\u00e3o Tempor\u00e1ria expedido pela comarca de S\u00e3o Jo\u00e3o do Cariri.<\/p>\n<p>O crime em quest\u00e3o foi um assalto ocorrido na cidade de Gurj\u00e3o, no qual uma dupla teria subtra\u00eddo, mediante utiliza\u00e7\u00e3o de arma de fogo, uma Motocicleta. A v\u00edtima, ap\u00f3s serem apresentadas as imagens de diversas pessoas, foi enf\u00e1tica e reconheceu a pessoa de Pedro Henrique, como sendo um dos autores do crime que fora vitimado.<\/p>\n<p>Diante do que foi coletado, foi solicitada a pris\u00e3o do mesmo pela Delegacia de Gurj\u00e3o junto ao judici\u00e1rio local, que concedeu tal medida. Agentes da Pol\u00edcia Civil destacaram ainda que crime semelhante foi cometido por pessoas com caracter\u00edsticas id\u00eanticas na cidade de Boa Vista, cuja participa\u00e7\u00e3o do indiv\u00edduo detido por for\u00e7a do Mandado tamb\u00e9m est\u00e1 sendo analisada pela equipe de Policiais Civis daquela cidade.<\/p>\n<p>A a\u00e7\u00e3o obteve \u00eaxito atrav\u00e9s do reconhecimento formal por parte da vitima e da popula\u00e7\u00e3o, que atrav\u00e9s do disk den\u00fancia da Pol\u00edcia Civil (197), e de den\u00fancias an\u00f4nimas efetuadas a Delegacia de S\u00e3o Jo\u00e3o do Cariri (3355-1136), tem colaborado com informa\u00e7\u00f5es que possibilitaram a identifica\u00e7\u00e3o do suspeito.<\/p>\n<p>Quem por ventura tenha suspeita da participa\u00e7\u00e3o deste indiv\u00edduo em outros crimes, deve manter contato atrav\u00e9s dos telefones disponibilizados para repassar as informa\u00e7\u00f5es. O indiv\u00edduo preso, est\u00e1 recolhido na Cadeia Publica da cidade de S\u00e3o Jo\u00e3o do Cariri, \u00e0 disposi\u00e7\u00e3o da justi\u00e7a.<\/p>\n","protected":false},"excerpt":{"rendered":"<p>Na tarde desta \u00faltima ter\u00e7a-feira(06), as equipes de Policiais Civis das Delegacias de S\u00e3o Jo\u00e3o do Cariri e de Soledade fizeram dilig\u00eancia na cidade de&hellip; <\/p>\n","protected":false},"author":1,"featured_media":40263,"comment_status":"closed","ping_status":"closed","sticky":false,"template":"","format":"standard","meta":{"sfsi_plus_gutenberg_text_before_share":"","sfsi_plus_gutenberg_show_text_before_share":"","sfsi_plus_gutenberg_icon_type":"","sfsi_plus_gutenberg_icon_alignemt":"","sfsi_plus_gutenburg_max_per_row":"","footnotes":""},"categories":[12],"tags":[],"class_list":["post-71520","post","type-post","status-publish","format-standard","has-post-thumbnail","hentry","category-policia"],"_links":{"self":[{"href":"https:\/\/www.caririemacao.com\/1\/wp-json\/wp\/v2\/posts\/71520","targetHints":{"allow":["GET"]}}],"collection":[{"href":"https:\/\/www.caririemacao.com\/1\/wp-json\/wp\/v2\/posts"}],"about":[{"href":"https:\/\/www.caririemacao.com\/1\/wp-json\/wp\/v2\/types\/post"}],"author":[{"embeddable":true,"href":"https:\/\/www.caririemacao.com\/1\/wp-json\/wp\/v2\/users\/1"}],"replies":[{"embeddable":true,"href":"https:\/\/www.caririemacao.com\/1\/wp-json\/wp\/v2\/comments?post=71520"}],"version-history":[{"count":1,"href":"https:\/\/www.caririemacao.com\/1\/wp-json\/wp\/v2\/posts\/71520\/revisions"}],"predecessor-version":[{"id":71522,"href":"https:\/\/www.caririemacao.com\/1\/wp-json\/wp\/v2\/posts\/71520\/revisions\/71522"}],"wp:featuredmedia":[{"embeddable":true,"href":"https:\/\/www.caririemacao.com\/1\/wp-json\/wp\/v2\/media\/40263"}],"wp:attachment":[{"href":"https:\/\/www.caririemacao.com\/1\/wp-json\/wp\/v2\/media?parent=71520"}],"wp:term":[{"taxonomy":"category","embeddable":true,"href":"https:\/\/www.caririemacao.com\/1\/wp-json\/wp\/v2\/categories?post=71520"},{"taxonomy":"post_tag","embeddable":true,"href":"https:\/\/www.caririemacao.com\/1\/wp-json\/wp\/v2\/tags?post=71520"}],"curies":[{"name":"wp","href":"https:\/\/api.w.org\/{rel}","templated":true}]}}