{"id":71524,"date":"2018-11-08T12:48:40","date_gmt":"2018-11-08T15:48:40","guid":{"rendered":"http:\/\/www.caririemacao.com\/1\/?p=71524"},"modified":"2018-11-08T12:48:40","modified_gmt":"2018-11-08T15:48:40","slug":"secretaria-de-agricultura-de-camalau-distribui-vacinas-contra-febre-aftosa","status":"publish","type":"post","link":"https:\/\/www.caririemacao.com\/1\/2018\/11\/08\/secretaria-de-agricultura-de-camalau-distribui-vacinas-contra-febre-aftosa\/","title":{"rendered":"Secretaria de Agricultura de Camala\u00fa distribui vacinas contra febre aftosa"},"content":{"rendered":"<p>A Prefeitura Municipal de Camala\u00fa, atrav\u00e9s da Secretaria de Agricultura, est\u00e1 a partir desta sexta-feira, dia 09, disponibilizando doses de vacina contra a febre aftosa para serem distribu\u00eddas aos pequenos criadores de gado do munic\u00edpio.<\/p>\n<p>Para receber as vacinas o pequeno criador tem que comparecer \u00e0 sede da Secretaria de Agricultura e realizar um cadastro. Quem j\u00e1 for cadastrado recebe o produto imediatamente.<\/p>\n<p>De acordo com o secret\u00e1rio Nego M\u00f4co, a distribui\u00e7\u00e3o da vacina \u00e9 para os animais de at\u00e9 dois anos. \u201cO munic\u00edpio de Camala\u00fa vem oferecendo total apoio aos pequenos criadores, disponibilizando as vacinas para a prote\u00e7\u00e3o dos rebanhos e garantindo que a popula\u00e7\u00e3o possa consumir uma carne saud\u00e1vel. Tudo isso s\u00f3 \u00e9 poss\u00edvel gra\u00e7as a aten\u00e7\u00e3o e apoio do prefeito Sandro M\u00f4co com nossos produtores e agricultores\u201d, destacou Nego M\u00f4co.<\/p>\n","protected":false},"excerpt":{"rendered":"<p>A Prefeitura Municipal de Camala\u00fa, atrav\u00e9s da Secretaria de Agricultura, est\u00e1 a partir desta sexta-feira, dia 09, disponibilizando doses de vacina contra a febre aftosa&hellip; <\/p>\n","protected":false},"author":2,"featured_media":71525,"comment_status":"closed","ping_status":"closed","sticky":false,"template":"","format":"standard","meta":{"sfsi_plus_gutenberg_text_before_share":"","sfsi_plus_gutenberg_show_text_before_share":"","sfsi_plus_gutenberg_icon_type":"","sfsi_plus_gutenberg_icon_alignemt":"","sfsi_plus_gutenburg_max_per_row":"","footnotes":""},"categories":[6],"tags":[],"class_list":["post-71524","post","type-post","status-publish","format-standard","has-post-thumbnail","hentry","category-cidades"],"_links":{"self":[{"href":"https:\/\/www.caririemacao.com\/1\/wp-json\/wp\/v2\/posts\/71524","targetHints":{"allow":["GET"]}}],"collection":[{"href":"https:\/\/www.caririemacao.com\/1\/wp-json\/wp\/v2\/posts"}],"about":[{"href":"https:\/\/www.caririemacao.com\/1\/wp-json\/wp\/v2\/types\/post"}],"author":[{"embeddable":true,"href":"https:\/\/www.caririemacao.com\/1\/wp-json\/wp\/v2\/users\/2"}],"replies":[{"embeddable":true,"href":"https:\/\/www.caririemacao.com\/1\/wp-json\/wp\/v2\/comments?post=71524"}],"version-history":[{"count":1,"href":"https:\/\/www.caririemacao.com\/1\/wp-json\/wp\/v2\/posts\/71524\/revisions"}],"predecessor-version":[{"id":71526,"href":"https:\/\/www.caririemacao.com\/1\/wp-json\/wp\/v2\/posts\/71524\/revisions\/71526"}],"wp:featuredmedia":[{"embeddable":true,"href":"https:\/\/www.caririemacao.com\/1\/wp-json\/wp\/v2\/media\/71525"}],"wp:attachment":[{"href":"https:\/\/www.caririemacao.com\/1\/wp-json\/wp\/v2\/media?parent=71524"}],"wp:term":[{"taxonomy":"category","embeddable":true,"href":"https:\/\/www.caririemacao.com\/1\/wp-json\/wp\/v2\/categories?post=71524"},{"taxonomy":"post_tag","embeddable":true,"href":"https:\/\/www.caririemacao.com\/1\/wp-json\/wp\/v2\/tags?post=71524"}],"curies":[{"name":"wp","href":"https:\/\/api.w.org\/{rel}","templated":true}]}}