{"id":71529,"date":"2018-11-08T13:22:36","date_gmt":"2018-11-08T16:22:36","guid":{"rendered":"http:\/\/www.caririemacao.com\/1\/?p=71529"},"modified":"2018-11-08T13:22:36","modified_gmt":"2018-11-08T16:22:36","slug":"bolsonaro-se-reune-com-deputados-para-emplacar-reforma-da-previdencia-ainda-este-ano","status":"publish","type":"post","link":"https:\/\/www.caririemacao.com\/1\/2018\/11\/08\/bolsonaro-se-reune-com-deputados-para-emplacar-reforma-da-previdencia-ainda-este-ano\/","title":{"rendered":"Bolsonaro se re\u00fane com deputados para emplacar Reforma da Previd\u00eancia ainda este ano"},"content":{"rendered":"<p>O presidente eleito Jair Bolsonaro se re\u00fane hoje (8), pela manh\u00e3, com parlamentares no apartamento funcional dele em Bras\u00edlia, para negociar a parte da reforma da Previd\u00eancia. A finalidade \u00e9 garantir a aprova\u00e7\u00e3o ainda este ano de algumas propostas de tramita\u00e7\u00e3o mais simples no Congresso Nacional.<\/p>\n<p>Em meio a dificuldades pela falta de consenso no Congresso Nacional, Bolsonaro indicou ontem (7) que a negocia\u00e7\u00e3o passa por buscar a aprova\u00e7\u00e3o de medidas que n\u00e3o alterem a Constitui\u00e7\u00e3o.<\/p>\n<p>Segundo o presidente eleito, a aprova\u00e7\u00e3o da reforma da reforma da Previd\u00eancia \u00e9 um avan\u00e7o tamb\u00e9m para buscar solu\u00e7\u00f5es para as contas p\u00fablicas. \u201cO que queremos \u00e9 votar alguma coisa o quanto antes\u201d, ressaltou Bolsonaro em entrevista ontem.<\/p>\n<p><strong>Pontos<\/strong><\/p>\n<p>A aprova\u00e7\u00e3o de uma proposta de emenda \u00e0 Constitui\u00e7\u00e3o (PEC) depende do apoio de dois ter\u00e7os dos 513 deputados e 81 senadores, em dois turnos de vota\u00e7\u00e3o em cada Casa, antecedida por um processo de negocia\u00e7\u00e3o. A demora \u00e9 certa pela tradi\u00e7\u00e3o do Congresso.<\/p>\n<p>Portanto, a equipe de Bolsonaro pode deixar para uma segunda etapa eventuais mudan\u00e7as sobre a fixa\u00e7\u00e3o da idade m\u00ednima. O presidente eleito afirmou em v\u00e1rias ocasi\u00f5es ser favor\u00e1vel \u00e0 defini\u00e7\u00e3o de idade m\u00ednima para aposentadoria para o setor p\u00fablico, consideradas as exce\u00e7\u00f5es.<\/p>\n<p>A reforma da Previd\u00eancia \u00e9 tema constante das reuni\u00f5es de Bolsonaro e sua equipe. Tamb\u00e9m nas conversas que manteve ontem (7) com os presidentes Michel Temer e Dias Toffoli, do Supremo Tribunal Federal (STF), o assunto veio \u00e0 tona.<\/p>\n<p><strong>Agricultura<\/strong><\/p>\n<p>Tamb\u00e9m pela manh\u00e3, Bolsonaro vai se reunir com a deputada federal Tereza Cristina (DEM-MS) confirmada como a primeira mulher ministra do seu governo. Ontem (7) ele mesmo confirmou o nome dela para o Minist\u00e9rio da Agricultura.<\/p>\n<p>Tereza Cristina teve o nome indicado pela bancada ruralista no Congresso Nacional re\u00fane aproximadamente 260 parlamentares.<\/p>\n<p>Engenheira agr\u00f4noma e empres\u00e1ria, Tereza Cristina \u00e9 presidente da Frente Parlamentar de Agropecu\u00e1ria (FPA) e tem uma longa trajet\u00f3ria no setor. Ela foi secret\u00e1ria de Desenvolvimento Agr\u00e1rio da Produ\u00e7\u00e3o, da Ind\u00fastria, do Com\u00e9rcio e do Turismo de Mato Grosso do Sul durante o governo de Andr\u00e9 Puccinelli (MDB).<\/p>\n<p><strong>Retorno<\/strong><\/p>\n<p>Ap\u00f3s as reuni\u00f5es com os parlamentares em Bras\u00edlia, Bolsonaro retorna ainda hoje para o Rio de Janeiro. A previs\u00e3o \u00e9 que na pr\u00f3xima semana ele desembarque novamente na capital federal.<\/p>\n<p>Na quarta-feira (14), o presidente eleito deve se reunir com os 27 governadores \u2013 eleitos e reeleitos \u2013 em Bras\u00edlia. A disposi\u00e7\u00e3o \u00e9 para fechar o chamado pacto federativo.<\/p>\n<p style=\"text-align: right;\"><em><strong>\u00a0Para\u00edba J\u00e1\/Foto: internet\u00a0<\/strong><\/em><\/p>\n","protected":false},"excerpt":{"rendered":"<p>O presidente eleito Jair Bolsonaro se re\u00fane hoje (8), pela manh\u00e3, com parlamentares no apartamento funcional dele em Bras\u00edlia, para negociar a parte da reforma&hellip; <\/p>\n","protected":false},"author":1,"featured_media":44860,"comment_status":"closed","ping_status":"closed","sticky":false,"template":"","format":"standard","meta":{"sfsi_plus_gutenberg_text_before_share":"","sfsi_plus_gutenberg_show_text_before_share":"","sfsi_plus_gutenberg_icon_type":"","sfsi_plus_gutenberg_icon_alignemt":"","sfsi_plus_gutenburg_max_per_row":"","footnotes":""},"categories":[2],"tags":[],"class_list":["post-71529","post","type-post","status-publish","format-standard","has-post-thumbnail","hentry","category-geral"],"_links":{"self":[{"href":"https:\/\/www.caririemacao.com\/1\/wp-json\/wp\/v2\/posts\/71529","targetHints":{"allow":["GET"]}}],"collection":[{"href":"https:\/\/www.caririemacao.com\/1\/wp-json\/wp\/v2\/posts"}],"about":[{"href":"https:\/\/www.caririemacao.com\/1\/wp-json\/wp\/v2\/types\/post"}],"author":[{"embeddable":true,"href":"https:\/\/www.caririemacao.com\/1\/wp-json\/wp\/v2\/users\/1"}],"replies":[{"embeddable":true,"href":"https:\/\/www.caririemacao.com\/1\/wp-json\/wp\/v2\/comments?post=71529"}],"version-history":[{"count":1,"href":"https:\/\/www.caririemacao.com\/1\/wp-json\/wp\/v2\/posts\/71529\/revisions"}],"predecessor-version":[{"id":71530,"href":"https:\/\/www.caririemacao.com\/1\/wp-json\/wp\/v2\/posts\/71529\/revisions\/71530"}],"wp:featuredmedia":[{"embeddable":true,"href":"https:\/\/www.caririemacao.com\/1\/wp-json\/wp\/v2\/media\/44860"}],"wp:attachment":[{"href":"https:\/\/www.caririemacao.com\/1\/wp-json\/wp\/v2\/media?parent=71529"}],"wp:term":[{"taxonomy":"category","embeddable":true,"href":"https:\/\/www.caririemacao.com\/1\/wp-json\/wp\/v2\/categories?post=71529"},{"taxonomy":"post_tag","embeddable":true,"href":"https:\/\/www.caririemacao.com\/1\/wp-json\/wp\/v2\/tags?post=71529"}],"curies":[{"name":"wp","href":"https:\/\/api.w.org\/{rel}","templated":true}]}}