{"id":71531,"date":"2018-11-08T13:38:39","date_gmt":"2018-11-08T16:38:39","guid":{"rendered":"http:\/\/www.caririemacao.com\/1\/?p=71531"},"modified":"2018-11-08T13:38:39","modified_gmt":"2018-11-08T16:38:39","slug":"caraubas-inicia-campanha-do-novembro-azul-em-barreiras","status":"publish","type":"post","link":"https:\/\/www.caririemacao.com\/1\/2018\/11\/08\/caraubas-inicia-campanha-do-novembro-azul-em-barreiras\/","title":{"rendered":"Cara\u00fabas inicia campanha do Novembro Azul em Barreiras"},"content":{"rendered":"<p>O munic\u00edpio de Cara\u00fabas iniciou durante essa semana a campanha Novembro Azul 2018.<\/p>\n<p>Como o objetivo de cuidar da sa\u00fade de masculina a unidade de sa\u00fade do distrito de Barreiras de Cara\u00fabas ESF2, realizar\u00e1 o dia &#8220;D&#8221; do Novembro Azul.<\/p>\n<p><img fetchpriority=\"high\" decoding=\"async\" class=\"aligncenter wp-image-71533 size-full\" src=\"http:\/\/www.caririemacao.com\/1\/wp-content\/uploads\/2018\/11\/WhatsApp-Image-2018-11-08-at-2.21.25-PM.jpeg\" alt=\"\" width=\"960\" height=\"720\" srcset=\"https:\/\/www.caririemacao.com\/1\/wp-content\/uploads\/2018\/11\/WhatsApp-Image-2018-11-08-at-2.21.25-PM.jpeg 960w, https:\/\/www.caririemacao.com\/1\/wp-content\/uploads\/2018\/11\/WhatsApp-Image-2018-11-08-at-2.21.25-PM-300x225.jpeg 300w, https:\/\/www.caririemacao.com\/1\/wp-content\/uploads\/2018\/11\/WhatsApp-Image-2018-11-08-at-2.21.25-PM-768x576.jpeg 768w\" sizes=\"(max-width: 960px) 100vw, 960px\" \/><\/p>\n<p>A A\u00e7\u00e3o est\u00e1 prevista para o pr\u00f3ximo dia 27 de novembro, \u00e0s 18hs no posto de sa\u00fade da comunidade.<\/p>\n<p style=\"text-align: right;\"><em><strong>Cariri em A\u00e7\u00e3o\/Fotos:<span class=\"fwn fcg\"><span class=\"fwb fcg\" data-ft=\"{&quot;tn&quot;:&quot;;&quot;}\">Claudiane Alves\u00a0<\/span><\/span><\/strong><\/em><\/p>\n","protected":false},"excerpt":{"rendered":"<p>O munic\u00edpio de Cara\u00fabas iniciou durante essa semana a campanha Novembro Azul 2018. Como o objetivo de cuidar da sa\u00fade de masculina a unidade de&hellip; <\/p>\n","protected":false},"author":1,"featured_media":71532,"comment_status":"closed","ping_status":"closed","sticky":false,"template":"","format":"standard","meta":{"sfsi_plus_gutenberg_text_before_share":"","sfsi_plus_gutenberg_show_text_before_share":"","sfsi_plus_gutenberg_icon_type":"","sfsi_plus_gutenberg_icon_alignemt":"","sfsi_plus_gutenburg_max_per_row":"","footnotes":""},"categories":[16],"tags":[],"class_list":["post-71531","post","type-post","status-publish","format-standard","has-post-thumbnail","hentry","category-saude"],"_links":{"self":[{"href":"https:\/\/www.caririemacao.com\/1\/wp-json\/wp\/v2\/posts\/71531","targetHints":{"allow":["GET"]}}],"collection":[{"href":"https:\/\/www.caririemacao.com\/1\/wp-json\/wp\/v2\/posts"}],"about":[{"href":"https:\/\/www.caririemacao.com\/1\/wp-json\/wp\/v2\/types\/post"}],"author":[{"embeddable":true,"href":"https:\/\/www.caririemacao.com\/1\/wp-json\/wp\/v2\/users\/1"}],"replies":[{"embeddable":true,"href":"https:\/\/www.caririemacao.com\/1\/wp-json\/wp\/v2\/comments?post=71531"}],"version-history":[{"count":1,"href":"https:\/\/www.caririemacao.com\/1\/wp-json\/wp\/v2\/posts\/71531\/revisions"}],"predecessor-version":[{"id":71534,"href":"https:\/\/www.caririemacao.com\/1\/wp-json\/wp\/v2\/posts\/71531\/revisions\/71534"}],"wp:featuredmedia":[{"embeddable":true,"href":"https:\/\/www.caririemacao.com\/1\/wp-json\/wp\/v2\/media\/71532"}],"wp:attachment":[{"href":"https:\/\/www.caririemacao.com\/1\/wp-json\/wp\/v2\/media?parent=71531"}],"wp:term":[{"taxonomy":"category","embeddable":true,"href":"https:\/\/www.caririemacao.com\/1\/wp-json\/wp\/v2\/categories?post=71531"},{"taxonomy":"post_tag","embeddable":true,"href":"https:\/\/www.caririemacao.com\/1\/wp-json\/wp\/v2\/tags?post=71531"}],"curies":[{"name":"wp","href":"https:\/\/api.w.org\/{rel}","templated":true}]}}