{"id":71539,"date":"2018-11-08T13:51:04","date_gmt":"2018-11-08T16:51:04","guid":{"rendered":"http:\/\/www.caririemacao.com\/1\/?p=71539"},"modified":"2018-11-08T13:51:04","modified_gmt":"2018-11-08T16:51:04","slug":"prefeitura-de-camalau-inicia-curso-de-capacitacao-para-servidores-publicos","status":"publish","type":"post","link":"https:\/\/www.caririemacao.com\/1\/2018\/11\/08\/prefeitura-de-camalau-inicia-curso-de-capacitacao-para-servidores-publicos\/","title":{"rendered":"Prefeitura de Camala\u00fa inicia curso de capacita\u00e7\u00e3o para servidores p\u00fablicos"},"content":{"rendered":"<p>Teve in\u00edcio na \u00faltima ter\u00e7a-feira, 06 de novembro, a primeira etapa do curso de capacita\u00e7\u00e3o destinada aos funcion\u00e1rios p\u00fablicos municipais com o objetivo de treinar os servidores para oferecer um atendimento qualificado ao cidad\u00e3o.<\/p>\n<p>O primeiro dia de curso teve como tema &#8220;Quem n\u00e3o se envolve, n\u00e3o desenvolve&#8221;. Inicialmente a primeira turma foi composta por agentes administrativos e recepcionistas das secretarias Sa\u00fade, Agricultura e Infraestrutura.<\/p>\n<p>O curso est\u00e1 sendo ministrado pelo professor Ezequiel S\u00f3stenes (Kiel) sem nenhum custo para o munic\u00edpio de Camala\u00fa.<\/p>\n<p style=\"text-align: right;\"><em><strong>Reda\u00e7\u00e3o Cariri em A\u00e7\u00e3o\u00a0<\/strong><\/em><\/p>\n","protected":false},"excerpt":{"rendered":"<p>Teve in\u00edcio na \u00faltima ter\u00e7a-feira, 06 de novembro, a primeira etapa do curso de capacita\u00e7\u00e3o destinada aos funcion\u00e1rios p\u00fablicos municipais com o objetivo de treinar&hellip; <\/p>\n","protected":false},"author":1,"featured_media":71540,"comment_status":"closed","ping_status":"closed","sticky":false,"template":"","format":"standard","meta":{"sfsi_plus_gutenberg_text_before_share":"","sfsi_plus_gutenberg_show_text_before_share":"","sfsi_plus_gutenberg_icon_type":"","sfsi_plus_gutenberg_icon_alignemt":"","sfsi_plus_gutenburg_max_per_row":"","footnotes":""},"categories":[6],"tags":[],"class_list":["post-71539","post","type-post","status-publish","format-standard","has-post-thumbnail","hentry","category-cidades"],"_links":{"self":[{"href":"https:\/\/www.caririemacao.com\/1\/wp-json\/wp\/v2\/posts\/71539","targetHints":{"allow":["GET"]}}],"collection":[{"href":"https:\/\/www.caririemacao.com\/1\/wp-json\/wp\/v2\/posts"}],"about":[{"href":"https:\/\/www.caririemacao.com\/1\/wp-json\/wp\/v2\/types\/post"}],"author":[{"embeddable":true,"href":"https:\/\/www.caririemacao.com\/1\/wp-json\/wp\/v2\/users\/1"}],"replies":[{"embeddable":true,"href":"https:\/\/www.caririemacao.com\/1\/wp-json\/wp\/v2\/comments?post=71539"}],"version-history":[{"count":1,"href":"https:\/\/www.caririemacao.com\/1\/wp-json\/wp\/v2\/posts\/71539\/revisions"}],"predecessor-version":[{"id":71541,"href":"https:\/\/www.caririemacao.com\/1\/wp-json\/wp\/v2\/posts\/71539\/revisions\/71541"}],"wp:featuredmedia":[{"embeddable":true,"href":"https:\/\/www.caririemacao.com\/1\/wp-json\/wp\/v2\/media\/71540"}],"wp:attachment":[{"href":"https:\/\/www.caririemacao.com\/1\/wp-json\/wp\/v2\/media?parent=71539"}],"wp:term":[{"taxonomy":"category","embeddable":true,"href":"https:\/\/www.caririemacao.com\/1\/wp-json\/wp\/v2\/categories?post=71539"},{"taxonomy":"post_tag","embeddable":true,"href":"https:\/\/www.caririemacao.com\/1\/wp-json\/wp\/v2\/tags?post=71539"}],"curies":[{"name":"wp","href":"https:\/\/api.w.org\/{rel}","templated":true}]}}