{"id":71542,"date":"2018-11-09T13:58:10","date_gmt":"2018-11-09T16:58:10","guid":{"rendered":"http:\/\/www.caririemacao.com\/1\/?p=71542"},"modified":"2018-11-09T13:52:43","modified_gmt":"2018-11-09T16:52:43","slug":"prefeitura-de-sume-convoca-candidatos-para-curso-de-formacao-inicial-de-agentes-comunitarios-de-saude","status":"publish","type":"post","link":"https:\/\/www.caririemacao.com\/1\/2018\/11\/09\/prefeitura-de-sume-convoca-candidatos-para-curso-de-formacao-inicial-de-agentes-comunitarios-de-saude\/","title":{"rendered":"Prefeitura de Sum\u00e9 convoca candidatos para curso de forma\u00e7\u00e3o inicial de Agentes Comunit\u00e1rios de Sa\u00fade"},"content":{"rendered":"<p>A Prefeitura de Sum\u00e9 convoca os candidatos aprovados e classificados no Processo Seletivo Simplificado de Agente Comunit\u00e1rio de Sa\u00fade (ACS) para realizarem o curso de forma\u00e7\u00e3o Inicial que ocorrer\u00e1 no audit\u00f3rio da Secretaria Municipal de Educa\u00e7\u00e3o, nos seguintes dias e hor\u00e1rios:<\/p>\n<ul>\n<li>Dia <strong>12\/11\/2018 (segunda-feira) <\/strong>das 09h \u00e0s 12h e das 13:30h \u00e0s 17h;<\/li>\n<li>Dia <strong>13\/11\/2018 (ter\u00e7a-feira)<\/strong> das 08h \u00e0s 11:30h e das 13:30h \u00e0s 17h;<\/li>\n<li>Dia <strong>14\/11\/2018 (quarta-feira)<\/strong> das 08h \u00e0s 11:30h e das 13:30h \u00e0s 17h;<\/li>\n<li>Dia <strong>21\/11\/2018 (quarta-feira)<\/strong> das 08h \u00e0s 11:30h e das 13:30h \u00e0s 17h;<\/li>\n<li>Dia <strong>22\/11\/2018 (quinta-feira)<\/strong> das 08h \u00e0s 11:30h e das 13:30h \u00e0s 17h.<\/li>\n<\/ul>\n<p><strong>MICRO \u00c1REA 02<\/strong><\/p>\n<table width=\"662\">\n<tbody>\n<tr>\n<td width=\"105\"><strong>N\u00ba INSCRI\u00c7\u00c3O<\/strong><\/td>\n<td width=\"273\"><strong>NOME DO CANDIDATO<\/strong><\/td>\n<td width=\"76\"><strong>MICRO \u00c1REA<\/strong><\/td>\n<td width=\"91\"><strong>POSI\u00c7\u00c3O<\/strong><\/td>\n<td width=\"116\"><strong>SITUA\u00c7\u00c3O<\/strong><\/td>\n<\/tr>\n<tr>\n<td width=\"105\"><strong>020\/2018<\/strong><\/td>\n<td width=\"273\"><strong>ANGELINA FRANCISCA DA SILVA ALVES<\/strong><\/td>\n<td width=\"76\"><strong>02<\/strong><\/td>\n<td width=\"91\"><strong>1\u00ba<\/strong><\/td>\n<td width=\"116\"><strong>APROVADA<\/strong><\/td>\n<\/tr>\n<tr>\n<td width=\"105\"><strong>055\/2018<\/strong><\/td>\n<td width=\"273\"><strong>MARIA DAS DORES BATISTA DA SILVA<\/strong><\/td>\n<td width=\"76\"><strong>02<\/strong><\/td>\n<td width=\"91\"><strong>2\u00ba<\/strong><\/td>\n<td width=\"116\"><strong>Classificada<\/strong><\/td>\n<\/tr>\n<tr>\n<td width=\"105\"><strong>111\/2018<\/strong><\/td>\n<td width=\"273\"><strong>CAROLINE FERREIRA DA SILVA<\/strong><\/td>\n<td width=\"76\"><strong>02<\/strong><\/td>\n<td width=\"91\"><strong>3\u00ba<\/strong><\/td>\n<td width=\"116\"><strong>Classificada<\/strong><\/td>\n<\/tr>\n<\/tbody>\n<\/table>\n<p><strong>MICRO \u00c1REA 04<\/strong><\/p>\n<table width=\"662\">\n<tbody>\n<tr>\n<td width=\"105\"><strong>N\u00ba INSCRI\u00c7\u00c3O<\/strong><\/td>\n<td width=\"273\"><strong>NOME DO CANDIDATO<\/strong><\/td>\n<td width=\"76\"><strong>MICRO \u00c1REA<\/strong><\/td>\n<td width=\"91\"><strong>POSI\u00c7\u00c3O<\/strong><\/td>\n<td width=\"116\"><strong>SITUA\u00c7\u00c3O<\/strong><\/td>\n<\/tr>\n<tr>\n<td width=\"105\"><strong>104\/2018<\/strong><\/td>\n<td width=\"273\"><strong>SABRINA DE OLIVEIRA SOUZA<\/strong><\/td>\n<td width=\"76\"><strong>04<\/strong><\/td>\n<td width=\"91\"><strong>1\u00ba<\/strong><\/td>\n<td width=\"116\"><strong>APROVADA<\/strong><\/td>\n<\/tr>\n<tr>\n<td width=\"105\"><strong>014\/2018<\/strong><\/td>\n<td width=\"273\"><strong>LUCINALVA FERREIRA DA MOTA RODRIGUES<\/strong><\/td>\n<td width=\"76\"><strong>04<\/strong><\/td>\n<td width=\"91\"><strong>2\u00ba<\/strong><\/td>\n<td width=\"116\"><strong>Classificada<\/strong><\/td>\n<\/tr>\n<tr>\n<td width=\"105\"><strong>113\/2018<\/strong><\/td>\n<td width=\"273\"><strong>RANIELLE DE SOUZA LOPEZ<\/strong><\/td>\n<td width=\"76\"><strong>04<\/strong><\/td>\n<td width=\"91\"><strong>3\u00ba<\/strong><\/td>\n<td width=\"116\"><strong>Classificado<\/strong><\/td>\n<\/tr>\n<\/tbody>\n<\/table>\n<p><strong>MICRO \u00c1REA 13<\/strong><\/p>\n<table width=\"662\">\n<tbody>\n<tr>\n<td width=\"105\"><strong>N\u00ba INSCRI\u00c7\u00c3O<\/strong><\/td>\n<td width=\"273\"><strong>NOME DO CANDIDATO<\/strong><\/td>\n<td width=\"76\"><strong>MICRO \u00c1REA<\/strong><\/td>\n<td width=\"91\"><strong>POSI\u00c7\u00c3O<\/strong><\/td>\n<td width=\"116\"><strong>SITUA\u00c7\u00c3O<\/strong><\/td>\n<\/tr>\n<tr>\n<td width=\"105\"><strong>053\/2018<\/strong><\/td>\n<td width=\"273\"><strong>FERNANDA RAQUEL DA SILVA BARBOSA<\/strong><\/td>\n<td width=\"76\"><strong>13<\/strong><\/td>\n<td width=\"91\"><strong>1\u00ba<\/strong><\/td>\n<td width=\"116\"><strong>APROVADA<\/strong><\/td>\n<\/tr>\n<tr>\n<td width=\"105\"><strong>002\/2018<\/strong><\/td>\n<td width=\"273\"><strong>MARIA DO SOCORRO DEODATO DA SILVA<\/strong><\/td>\n<td width=\"76\"><strong>13<\/strong><\/td>\n<td width=\"91\"><strong>2\u00ba<\/strong><\/td>\n<td width=\"116\"><strong>Classificada<\/strong><\/td>\n<\/tr>\n<tr>\n<td width=\"105\"><strong>040\/2018<\/strong><\/td>\n<td width=\"273\"><strong>GENILDA DA SILVA CARVALHO<\/strong><\/td>\n<td width=\"76\"><strong>13<\/strong><\/td>\n<td width=\"91\"><strong>3\u00ba<\/strong><\/td>\n<td width=\"116\"><strong>Classificada<\/strong><\/td>\n<\/tr>\n<\/tbody>\n<\/table>\n<p><strong>\u00a0<\/strong><strong>MICRO \u00c1REA 17<\/strong><\/p>\n<table width=\"662\">\n<tbody>\n<tr>\n<td width=\"105\"><strong>N\u00ba INSCRI\u00c7\u00c3O<\/strong><\/td>\n<td width=\"273\"><strong>NOME DO CANDIDATO<\/strong><\/td>\n<td width=\"76\"><strong>MICRO \u00c1REA<\/strong><\/td>\n<td width=\"91\"><strong>POSI\u00c7\u00c3O<\/strong><\/td>\n<td width=\"116\"><strong>SITUA\u00c7\u00c3O<\/strong><\/td>\n<\/tr>\n<tr>\n<td width=\"105\"><strong>013\/2018<\/strong><\/td>\n<td width=\"273\"><strong>RITA DE CASSIA BATISTA GON\u00c7ALVES<\/strong><\/td>\n<td width=\"76\"><strong>17<\/strong><\/td>\n<td width=\"91\"><strong>1\u00ba<\/strong><\/td>\n<td width=\"116\"><strong>APROVADA<\/strong><\/td>\n<\/tr>\n<tr>\n<td width=\"105\"><strong>066\/2018<\/strong><\/td>\n<td width=\"273\"><strong>SUSANE MARIA PIMENTEL DE MORAIS<\/strong><\/td>\n<td width=\"76\"><strong>17<\/strong><\/td>\n<td width=\"91\"><strong>2\u00ba<\/strong><\/td>\n<td width=\"116\"><strong>Classificada<\/strong><\/td>\n<\/tr>\n<tr>\n<td width=\"105\"><strong>015\/2018<\/strong><\/td>\n<td width=\"273\"><strong>MATEUS APARECIDO FERNANDES DA SILVA<\/strong><\/td>\n<td width=\"76\"><strong>17<\/strong><\/td>\n<td width=\"91\"><strong>3\u00ba<\/strong><\/td>\n<td width=\"116\"><strong>Classificado<\/strong><\/td>\n<\/tr>\n<\/tbody>\n<\/table>\n<p><strong>MICRO \u00c1REA 26<\/strong><\/p>\n<table width=\"662\">\n<tbody>\n<tr>\n<td width=\"105\"><strong>N\u00ba INSCRI\u00c7\u00c3O<\/strong><\/td>\n<td width=\"273\"><strong>NOME DO CANDIDATO<\/strong><\/td>\n<td width=\"76\"><strong>MICRO \u00c1REA<\/strong><\/td>\n<td width=\"91\"><strong>POSI\u00c7\u00c3O<\/strong><\/td>\n<td width=\"116\"><strong>SITUA\u00c7\u00c3O<\/strong><\/td>\n<\/tr>\n<tr>\n<td width=\"105\"><strong>049\/2018<\/strong><\/td>\n<td width=\"273\"><strong>ISRAEL SILVA DE MORAIS<\/strong><\/td>\n<td width=\"76\"><strong>26<\/strong><\/td>\n<td width=\"91\"><strong>1\u00ba<\/strong><\/td>\n<td width=\"116\"><strong>APROVADO<\/strong><\/td>\n<\/tr>\n<tr>\n<td width=\"105\"><strong>096\/2018<\/strong><\/td>\n<td width=\"273\"><strong>JULIANNE FERREIRA DE JESUS MORAIS<\/strong><\/td>\n<td width=\"76\"><strong>26<\/strong><\/td>\n<td width=\"91\"><strong>2\u00ba<\/strong><\/td>\n<td width=\"116\"><strong>Classificada<\/strong><\/td>\n<\/tr>\n<tr>\n<td width=\"105\"><strong>065\/2018<\/strong><\/td>\n<td width=\"273\"><strong>POLIANA GOUVEIA MARINHO<\/strong><\/td>\n<td width=\"76\"><strong>26<\/strong><\/td>\n<td width=\"91\"><strong>3\u00ba<\/strong><\/td>\n<td width=\"116\"><strong>Classificada<\/strong><\/td>\n<\/tr>\n<\/tbody>\n<\/table>\n<p><strong>MICRO \u00c1REA 34<\/strong><\/p>\n<table width=\"662\">\n<tbody>\n<tr>\n<td width=\"105\"><strong>N\u00ba INSCRI\u00c7\u00c3O<\/strong><\/td>\n<td width=\"273\"><strong>NOME DO CANDIDATO<\/strong><\/td>\n<td width=\"76\"><strong>MICRO \u00c1REA<\/strong><\/td>\n<td width=\"91\"><strong>POSI\u00c7\u00c3O<\/strong><\/td>\n<td width=\"116\"><strong>SITUA\u00c7\u00c3O<\/strong><\/td>\n<\/tr>\n<tr>\n<td width=\"105\"><strong>097\/2018<\/strong><\/td>\n<td width=\"273\"><strong>JAQUELINE SU\u00caRDA DA SILVA IZID\u00d3RIO<\/strong><\/td>\n<td width=\"76\"><strong>34<\/strong><\/td>\n<td width=\"91\"><strong>1\u00ba<\/strong><\/td>\n<td width=\"116\"><strong>APROVADA<\/strong><\/td>\n<\/tr>\n<tr>\n<td width=\"105\"><strong>010\/2018<\/strong><\/td>\n<td width=\"273\"><strong>MARCONI DA SILVA ALMEIDA<\/strong><\/td>\n<td width=\"76\"><strong>34<\/strong><\/td>\n<td width=\"91\"><strong>2\u00ba<\/strong><\/td>\n<td width=\"116\"><strong>Classificado<\/strong><\/td>\n<\/tr>\n<tr>\n<td width=\"105\"><strong>033\/2018<\/strong><\/td>\n<td width=\"273\"><strong>WELLIGTON GOMES D&#8217;ARAUJO<\/strong><\/td>\n<td width=\"76\"><strong>34<\/strong><\/td>\n<td width=\"91\"><strong>3\u00ba<\/strong><\/td>\n<td width=\"116\"><strong>Classificado<\/strong><\/td>\n<\/tr>\n<\/tbody>\n<\/table>\n<p>&nbsp;<\/p>\n<p>O Edital de Convoca\u00e7\u00e3o est\u00e1 publicado no Boletim Oficial do munic\u00edpio de 07 de novembro de 2018.<\/p>\n<p style=\"text-align: right;\"><em><strong>Ascom PMS<\/strong><\/em><\/p>\n","protected":false},"excerpt":{"rendered":"<p>A Prefeitura de Sum\u00e9 convoca os candidatos aprovados e classificados no Processo Seletivo Simplificado de Agente Comunit\u00e1rio de Sa\u00fade (ACS) para realizarem o curso de&hellip; <\/p>\n","protected":false},"author":1,"featured_media":14830,"comment_status":"closed","ping_status":"closed","sticky":false,"template":"","format":"standard","meta":{"sfsi_plus_gutenberg_text_before_share":"","sfsi_plus_gutenberg_show_text_before_share":"","sfsi_plus_gutenberg_icon_type":"","sfsi_plus_gutenberg_icon_alignemt":"","sfsi_plus_gutenburg_max_per_row":"","footnotes":""},"categories":[6],"tags":[],"class_list":["post-71542","post","type-post","status-publish","format-standard","has-post-thumbnail","hentry","category-cidades"],"_links":{"self":[{"href":"https:\/\/www.caririemacao.com\/1\/wp-json\/wp\/v2\/posts\/71542","targetHints":{"allow":["GET"]}}],"collection":[{"href":"https:\/\/www.caririemacao.com\/1\/wp-json\/wp\/v2\/posts"}],"about":[{"href":"https:\/\/www.caririemacao.com\/1\/wp-json\/wp\/v2\/types\/post"}],"author":[{"embeddable":true,"href":"https:\/\/www.caririemacao.com\/1\/wp-json\/wp\/v2\/users\/1"}],"replies":[{"embeddable":true,"href":"https:\/\/www.caririemacao.com\/1\/wp-json\/wp\/v2\/comments?post=71542"}],"version-history":[{"count":2,"href":"https:\/\/www.caririemacao.com\/1\/wp-json\/wp\/v2\/posts\/71542\/revisions"}],"predecessor-version":[{"id":71567,"href":"https:\/\/www.caririemacao.com\/1\/wp-json\/wp\/v2\/posts\/71542\/revisions\/71567"}],"wp:featuredmedia":[{"embeddable":true,"href":"https:\/\/www.caririemacao.com\/1\/wp-json\/wp\/v2\/media\/14830"}],"wp:attachment":[{"href":"https:\/\/www.caririemacao.com\/1\/wp-json\/wp\/v2\/media?parent=71542"}],"wp:term":[{"taxonomy":"category","embeddable":true,"href":"https:\/\/www.caririemacao.com\/1\/wp-json\/wp\/v2\/categories?post=71542"},{"taxonomy":"post_tag","embeddable":true,"href":"https:\/\/www.caririemacao.com\/1\/wp-json\/wp\/v2\/tags?post=71542"}],"curies":[{"name":"wp","href":"https:\/\/api.w.org\/{rel}","templated":true}]}}