{"id":71544,"date":"2018-11-08T14:03:34","date_gmt":"2018-11-08T17:03:34","guid":{"rendered":"http:\/\/www.caririemacao.com\/1\/?p=71544"},"modified":"2018-11-08T14:22:18","modified_gmt":"2018-11-08T17:22:18","slug":"eden-trata-com-wellington-roberto-sobre-centro-de-hemodialise-pavimentacao-e-recuperacao-de-acudes","status":"publish","type":"post","link":"https:\/\/www.caririemacao.com\/1\/2018\/11\/08\/eden-trata-com-wellington-roberto-sobre-centro-de-hemodialise-pavimentacao-e-recuperacao-de-acudes\/","title":{"rendered":"\u00c9den trata com Wellington Roberto sobre centro de hemodi\u00e1lise, pavimenta\u00e7\u00e3o e recupera\u00e7\u00e3o de a\u00e7udes"},"content":{"rendered":"<p style=\"font-weight: 400;\">Durante toda a semana, o prefeito \u00c9den Duarte percorreu os gabinetes dos parlamentares em Bras\u00edlia e minist\u00e9rios em busca de liberar recursos para o munic\u00edpio de Sum\u00e9.<\/p>\n<p style=\"font-weight: 400;\">Em seu \u00faltimo compromisso nesta viagem, \u00c9den esteve com o deputado federal Wellington Roberto para tratar sobre diversos assuntos, entre eles, a recente emenda alocada por Wellington Roberto no valor de R$ 1 milh\u00e3o para a implanta\u00e7\u00e3o do centro de hemodi\u00e1lise via Cons\u00f3rcio Intermunicipal de Sa\u00fade do Cariri (Cisco). Eles discutiram al\u00e9m da implanta\u00e7\u00e3o do centro, a sua manuten\u00e7\u00e3o.<\/p>\n<p style=\"font-weight: 400;\">\u00c9den tamb\u00e9m apresentou pleito para constru\u00e7\u00e3o do centro de reabilita\u00e7\u00e3o em fisioterapia, projeto que j\u00e1 est\u00e1 pronto e que faz parte do seu plano de governo.<\/p>\n<p style=\"font-weight: 400;\">Acompanhado do secret\u00e1rio de Obras, Isca Viana, o prefeito ainda tratou com o deputado sobre pavimenta\u00e7\u00e3o de ruas, matadouro p\u00fablico e constru\u00e7\u00e3o de mais a\u00e7udes no munic\u00edpio, inclusive a recupera\u00e7\u00e3o do a\u00e7ude formigueiro, cuja proposta j\u00e1 est\u00e1 no Minist\u00e9rio da Integra\u00e7\u00e3o Nacional.<\/p>\n<p style=\"font-weight: 400; text-align: right;\"><em><strong>Ascom PMS<\/strong><\/em><\/p>\n","protected":false},"excerpt":{"rendered":"<p>Durante toda a semana, o prefeito \u00c9den Duarte percorreu os gabinetes dos parlamentares em Bras\u00edlia e minist\u00e9rios em busca de liberar recursos para o munic\u00edpio&hellip; <\/p>\n","protected":false},"author":1,"featured_media":71546,"comment_status":"closed","ping_status":"closed","sticky":false,"template":"","format":"standard","meta":{"sfsi_plus_gutenberg_text_before_share":"","sfsi_plus_gutenberg_show_text_before_share":"","sfsi_plus_gutenberg_icon_type":"","sfsi_plus_gutenberg_icon_alignemt":"","sfsi_plus_gutenburg_max_per_row":"","footnotes":""},"categories":[11],"tags":[],"class_list":["post-71544","post","type-post","status-publish","format-standard","has-post-thumbnail","hentry","category-politica"],"_links":{"self":[{"href":"https:\/\/www.caririemacao.com\/1\/wp-json\/wp\/v2\/posts\/71544","targetHints":{"allow":["GET"]}}],"collection":[{"href":"https:\/\/www.caririemacao.com\/1\/wp-json\/wp\/v2\/posts"}],"about":[{"href":"https:\/\/www.caririemacao.com\/1\/wp-json\/wp\/v2\/types\/post"}],"author":[{"embeddable":true,"href":"https:\/\/www.caririemacao.com\/1\/wp-json\/wp\/v2\/users\/1"}],"replies":[{"embeddable":true,"href":"https:\/\/www.caririemacao.com\/1\/wp-json\/wp\/v2\/comments?post=71544"}],"version-history":[{"count":1,"href":"https:\/\/www.caririemacao.com\/1\/wp-json\/wp\/v2\/posts\/71544\/revisions"}],"predecessor-version":[{"id":71547,"href":"https:\/\/www.caririemacao.com\/1\/wp-json\/wp\/v2\/posts\/71544\/revisions\/71547"}],"wp:featuredmedia":[{"embeddable":true,"href":"https:\/\/www.caririemacao.com\/1\/wp-json\/wp\/v2\/media\/71546"}],"wp:attachment":[{"href":"https:\/\/www.caririemacao.com\/1\/wp-json\/wp\/v2\/media?parent=71544"}],"wp:term":[{"taxonomy":"category","embeddable":true,"href":"https:\/\/www.caririemacao.com\/1\/wp-json\/wp\/v2\/categories?post=71544"},{"taxonomy":"post_tag","embeddable":true,"href":"https:\/\/www.caririemacao.com\/1\/wp-json\/wp\/v2\/tags?post=71544"}],"curies":[{"name":"wp","href":"https:\/\/api.w.org\/{rel}","templated":true}]}}