{"id":71545,"date":"2018-11-08T14:03:50","date_gmt":"2018-11-08T17:03:50","guid":{"rendered":"http:\/\/www.caririemacao.com\/1\/?p=71545"},"modified":"2018-11-08T15:09:06","modified_gmt":"2018-11-08T18:09:06","slug":"comissao-aprova-projeto-que-cria-a-nfs-e-e-define-recolhimento-do-iss-de-aplicativo","status":"publish","type":"post","link":"https:\/\/www.caririemacao.com\/1\/2018\/11\/08\/comissao-aprova-projeto-que-cria-a-nfs-e-e-define-recolhimento-do-iss-de-aplicativo\/","title":{"rendered":"Comiss\u00e3o aprova projeto que cria a NFS-e e define recolhimento do ISS de aplicativo"},"content":{"rendered":"<p>Em reuni\u00e3o realizada na manh\u00e3 desta quarta-feira, 7 de novembro, a Comiss\u00e3o de Finan\u00e7as e Tributa\u00e7\u00e3o (CFT), do C\u00e2mara dos Deputados, aprovou que o Imposto Sobre Servi\u00e7o (ISS), de compet\u00eancia municipal, ser\u00e1 devido no Munic\u00edpio do embarque do tomador do servi\u00e7o de transporte remunerado privado individual de passageiros previamente contratado por interm\u00e9dio de aplicativos.<\/p>\n<p>O substitutivo aos Projetos de Lei Complementar (PLP) 526\/2018, 516\/2018 e\u00a0<a href=\"http:\/\/www.camara.gov.br\/proposicoesWeb\/fichadetramitacao?idProposicao=2170595&amp;ord=1\" target=\"_blank\" rel=\"noopener\"><strong>488\/2018<\/strong><\/a>\u00a0institui ainda, em \u00e2mbito nacional, a Nota Fiscal de Servi\u00e7o Eletr\u00f4nica (NFS-e) e cria novo subitem de servi\u00e7o na lista anexa \u00e0 Lei Complementar 116\/2003, para tratar dos aplicativos.<\/p>\n<p><strong>Representatividade<\/strong><br \/>\nNa vis\u00e3o da Confedera\u00e7\u00e3o Nacional de Munic\u00edpios (CNM), a NFS-e visa a melhoria da efici\u00eancia da fiscaliza\u00e7\u00e3o municipal, incentiva a eleva\u00e7\u00e3o dos n\u00edveis de arrecada\u00e7\u00e3o espont\u00e2nea e co\u00edbe a sonega\u00e7\u00e3o. A proposta cria o Comit\u00ea Gestor da NFS-e (CGNFS-e), que ter\u00e1 a participa\u00e7\u00e3o da Receita Federal do Brasil (RFB) e de Munic\u00edpios. Os membros ser\u00e3o indicados pela CNM, como entidade de representa\u00e7\u00e3o nacional dos Munic\u00edpios, e entidade representativa das Secretarias de Finan\u00e7as das Capitais.<\/p>\n<p><img decoding=\"async\" data-src=\"https:\/\/www.cnm.org.br\/cms\/images\/stories\/comunicacao_novo\/geral\/07112018_app_de_transporte_Filipe_Araujo.jpg\" alt=\"Filipe Araujo\" src=\"data:image\/svg+xml;base64,PHN2ZyB3aWR0aD0iMSIgaGVpZ2h0PSIxIiB4bWxucz0iaHR0cDovL3d3dy53My5vcmcvMjAwMC9zdmciPjwvc3ZnPg==\" class=\"lazyload\" \/><\/p>\n<p>A ades\u00e3o dos Entes municipais \u00e0 NFS-e depender\u00e1 de celebra\u00e7\u00e3o de conv\u00eanio com o CGNFS-e. A Confedera\u00e7\u00e3o participa do grupo de trabalho do projeto nacional da NFS-e e dois Munic\u00edpios indicados pela entidade, Marab\u00e1 (PA) e Bom Despacho (MG), atuam na elabora\u00e7\u00e3o e defini\u00e7\u00e3o do sistema da nota para atender \u00e0s especificidades de pequenos, m\u00e9dios e grandes Munic\u00edpios.<\/p>\n<p><strong>Mudan\u00e7as<\/strong><br \/>\nO texto amplia a lista de servi\u00e7os sujeitos ao ISS, ao criar o subitem 1.10 que trata dos servi\u00e7os de agenciamento, organiza\u00e7\u00e3o, intermedia\u00e7\u00e3o, planejamento e gerenciamento de informa\u00e7\u00f5es, por meio eletr\u00f4nico, de servi\u00e7os de transporte remunerado privado individual de passageiros previamente contratado por interm\u00e9dio de aplicativos. Ou seja, o ISS passa a incidir sobre os servi\u00e7os prestados por aplicativos como Uber, Cabify, 99 T\u00e1xi, entre outros.<\/p>\n<p>A reda\u00e7\u00e3o ainda estabelece que o imposto ser\u00e1 recolhido no Munic\u00edpio do embarque do tomador dos servi\u00e7os de transporte remunerado privado individual de passageiros previamente contratado por interm\u00e9dio de aplicativos, no caso dos servi\u00e7os descritos no subitem 1.10 da lista anexa.<\/p>\n<p>A mat\u00e9ria segue para aprecia\u00e7\u00e3o da Comiss\u00e3o de Constitui\u00e7\u00e3o e Justi\u00e7a e de Cidadania (CCJC) da Casa.<\/p>\n<p>&nbsp;<\/p>\n<p>CNM<\/p>\n","protected":false},"excerpt":{"rendered":"<p>Em reuni\u00e3o realizada na manh\u00e3 desta quarta-feira, 7 de novembro, a Comiss\u00e3o de Finan\u00e7as e Tributa\u00e7\u00e3o (CFT), do C\u00e2mara dos Deputados, aprovou que o Imposto&hellip; <\/p>\n","protected":false},"author":1,"featured_media":71548,"comment_status":"closed","ping_status":"closed","sticky":false,"template":"","format":"standard","meta":{"sfsi_plus_gutenberg_text_before_share":"","sfsi_plus_gutenberg_show_text_before_share":"","sfsi_plus_gutenberg_icon_type":"","sfsi_plus_gutenberg_icon_alignemt":"","sfsi_plus_gutenburg_max_per_row":"","footnotes":""},"categories":[2],"tags":[],"class_list":["post-71545","post","type-post","status-publish","format-standard","has-post-thumbnail","hentry","category-geral"],"_links":{"self":[{"href":"https:\/\/www.caririemacao.com\/1\/wp-json\/wp\/v2\/posts\/71545","targetHints":{"allow":["GET"]}}],"collection":[{"href":"https:\/\/www.caririemacao.com\/1\/wp-json\/wp\/v2\/posts"}],"about":[{"href":"https:\/\/www.caririemacao.com\/1\/wp-json\/wp\/v2\/types\/post"}],"author":[{"embeddable":true,"href":"https:\/\/www.caririemacao.com\/1\/wp-json\/wp\/v2\/users\/1"}],"replies":[{"embeddable":true,"href":"https:\/\/www.caririemacao.com\/1\/wp-json\/wp\/v2\/comments?post=71545"}],"version-history":[{"count":3,"href":"https:\/\/www.caririemacao.com\/1\/wp-json\/wp\/v2\/posts\/71545\/revisions"}],"predecessor-version":[{"id":71589,"href":"https:\/\/www.caririemacao.com\/1\/wp-json\/wp\/v2\/posts\/71545\/revisions\/71589"}],"wp:featuredmedia":[{"embeddable":true,"href":"https:\/\/www.caririemacao.com\/1\/wp-json\/wp\/v2\/media\/71548"}],"wp:attachment":[{"href":"https:\/\/www.caririemacao.com\/1\/wp-json\/wp\/v2\/media?parent=71545"}],"wp:term":[{"taxonomy":"category","embeddable":true,"href":"https:\/\/www.caririemacao.com\/1\/wp-json\/wp\/v2\/categories?post=71545"},{"taxonomy":"post_tag","embeddable":true,"href":"https:\/\/www.caririemacao.com\/1\/wp-json\/wp\/v2\/tags?post=71545"}],"curies":[{"name":"wp","href":"https:\/\/api.w.org\/{rel}","templated":true}]}}