{"id":71550,"date":"2018-11-08T14:08:57","date_gmt":"2018-11-08T17:08:57","guid":{"rendered":"http:\/\/www.caririemacao.com\/1\/?p=71550"},"modified":"2018-11-08T14:08:57","modified_gmt":"2018-11-08T17:08:57","slug":"receita-federal-abre-consulta-ao-sexto-lote-da-restituicao-nesta-sexta-feira","status":"publish","type":"post","link":"https:\/\/www.caririemacao.com\/1\/2018\/11\/08\/receita-federal-abre-consulta-ao-sexto-lote-da-restituicao-nesta-sexta-feira\/","title":{"rendered":"Receita Federal abre consulta ao sexto lote da restitui\u00e7\u00e3o nesta sexta-feira"},"content":{"rendered":"<p>A Receita Federal abre nesta sexta-feira (9), a partir das 9h, consulta ao sexto lote da restitui\u00e7\u00e3o do Imposto de Renda Pessoa F\u00edsica da declara\u00e7\u00e3o de 2018. O Fisco tamb\u00e9m abrir\u00e1 consulta a lotes residuais das declara\u00e7\u00f5es de 2008 a 2017.<\/p>\n<p>Ao todo, a Receita pagar\u00e1 R$ 1,9 bilh\u00e3o a 1.142.680 contribuintes. Desse total, 991.153 declara\u00e7\u00f5es s\u00e3o do Imposto de Renda deste ano, cujo pagamento totalizar\u00e1 R$ 1,676 bilh\u00e3o.<\/p>\n<p>As restitui\u00e7\u00f5es ter\u00e3o corre\u00e7\u00e3o de 4,16%, relativa \u00e0s declara\u00e7\u00f5es de 2018, a 106,28%, para as declara\u00e7\u00f5es de 2008. Os \u00edndices equivalem \u00e0 taxa Selic \u2013 juros b\u00e1sicos da economia \u2013 acumulada entre a data de entrega da declara\u00e7\u00e3o at\u00e9 este m\u00eas.<\/p>\n<p>A rela\u00e7\u00e3o dos contribuintes estar\u00e1 dispon\u00edvel na p\u00e1gina da Receita Federal na internet. A consulta tamb\u00e9m pode ser feita pelo telefone 146 ou nos aplicativos da Receita Federal para tablets e smartphones.<\/p>\n<p>O pagamento ser\u00e1 feito no pr\u00f3ximo dia 16. Caso o valor n\u00e3o seja creditado nas contas informadas na declara\u00e7\u00e3o, o contribuinte dever\u00e1 receber o dinheiro em qualquer ag\u00eancia do Banco do Brasil.<\/p>\n<p>Tamb\u00e9m \u00e9 poss\u00edvel ligar para os telefones 4004-0001 (capitais), 0800-729-0001 (demais localidades) e 0800-729-0088 (telefone especial exclusivo para deficientes auditivos) para agendar o cr\u00e9dito em conta-corrente ou poupan\u00e7a, no nome do declarante, em qualquer banco.<\/p>\n<p>Agencia Brasil<\/p>\n","protected":false},"excerpt":{"rendered":"<p>A Receita Federal abre nesta sexta-feira (9), a partir das 9h, consulta ao sexto lote da restitui\u00e7\u00e3o do Imposto de Renda Pessoa F\u00edsica da declara\u00e7\u00e3o&hellip; <\/p>\n","protected":false},"author":1,"featured_media":71552,"comment_status":"closed","ping_status":"closed","sticky":false,"template":"","format":"standard","meta":{"sfsi_plus_gutenberg_text_before_share":"","sfsi_plus_gutenberg_show_text_before_share":"","sfsi_plus_gutenberg_icon_type":"","sfsi_plus_gutenberg_icon_alignemt":"","sfsi_plus_gutenburg_max_per_row":"","footnotes":""},"categories":[2],"tags":[],"class_list":["post-71550","post","type-post","status-publish","format-standard","has-post-thumbnail","hentry","category-geral"],"_links":{"self":[{"href":"https:\/\/www.caririemacao.com\/1\/wp-json\/wp\/v2\/posts\/71550","targetHints":{"allow":["GET"]}}],"collection":[{"href":"https:\/\/www.caririemacao.com\/1\/wp-json\/wp\/v2\/posts"}],"about":[{"href":"https:\/\/www.caririemacao.com\/1\/wp-json\/wp\/v2\/types\/post"}],"author":[{"embeddable":true,"href":"https:\/\/www.caririemacao.com\/1\/wp-json\/wp\/v2\/users\/1"}],"replies":[{"embeddable":true,"href":"https:\/\/www.caririemacao.com\/1\/wp-json\/wp\/v2\/comments?post=71550"}],"version-history":[{"count":1,"href":"https:\/\/www.caririemacao.com\/1\/wp-json\/wp\/v2\/posts\/71550\/revisions"}],"predecessor-version":[{"id":71555,"href":"https:\/\/www.caririemacao.com\/1\/wp-json\/wp\/v2\/posts\/71550\/revisions\/71555"}],"wp:featuredmedia":[{"embeddable":true,"href":"https:\/\/www.caririemacao.com\/1\/wp-json\/wp\/v2\/media\/71552"}],"wp:attachment":[{"href":"https:\/\/www.caririemacao.com\/1\/wp-json\/wp\/v2\/media?parent=71550"}],"wp:term":[{"taxonomy":"category","embeddable":true,"href":"https:\/\/www.caririemacao.com\/1\/wp-json\/wp\/v2\/categories?post=71550"},{"taxonomy":"post_tag","embeddable":true,"href":"https:\/\/www.caririemacao.com\/1\/wp-json\/wp\/v2\/tags?post=71550"}],"curies":[{"name":"wp","href":"https:\/\/api.w.org\/{rel}","templated":true}]}}