{"id":71551,"date":"2018-11-08T14:10:16","date_gmt":"2018-11-08T17:10:16","guid":{"rendered":"http:\/\/www.caririemacao.com\/1\/?p=71551"},"modified":"2018-11-08T14:10:16","modified_gmt":"2018-11-08T17:10:16","slug":"prefeito-eden-participa-de-mobilizacao-contra-corte-no-orcamento-do-suas","status":"publish","type":"post","link":"https:\/\/www.caririemacao.com\/1\/2018\/11\/08\/prefeito-eden-participa-de-mobilizacao-contra-corte-no-orcamento-do-suas\/","title":{"rendered":"Prefeito \u00c9den participa de mobiliza\u00e7\u00e3o contra corte no or\u00e7amento do SUAS"},"content":{"rendered":"<p>O prefeito de Sum\u00e9, \u00c9den Duarte, acompanhou na manh\u00e3 de quarta-feira (07\/10), no gabinete do deputado federal Wellington Roberto, as representantes do Colegiado Estadual de Gestores Municipais de Assist\u00eancia Social da Para\u00edba (<strong>COEGEMAS<\/strong>), Sophia e Kleire, para solicitar do parlamentar paraibano o apoio do mesmo na luta para garantir os recursos necess\u00e1rios para as pol\u00edticas p\u00fablicas do Sistema \u00danico de Assist\u00eancia Social (SUAS).<\/p>\n<p>A proposta encaminhada pelo governo federal apresentou um corte de aproximadamente R$ 46,5 bilh\u00f5es no or\u00e7amento da Assist\u00eancia Social para o exerc\u00edcio de 2019, incluso nesse valor a redu\u00e7\u00e3o de metade do or\u00e7amento do Programa Bolsa Fam\u00edlia (PBF).<\/p>\n<p>Essa redu\u00e7\u00e3o do or\u00e7amento impactar\u00e1 diretamente no corte dos benef\u00edcios do PBF para cerca de 7 milh\u00f5es de fam\u00edlias em situa\u00e7\u00e3o de pobreza e extrema pobreza e do Benef\u00edcio de Presta\u00e7\u00e3o Continuada (BPC) para cerca de 2,3 milh\u00f5es de pessoas com defici\u00eancia e idosos.<\/p>\n<p>Causar\u00e1, tamb\u00e9m, interrup\u00e7\u00e3o de mais de 17 mil servi\u00e7os socioassistenciais, ofertados nos Cras, Creas, Centro-POP e Unidades de Acolhimento Institucional.<\/p>\n<p><img fetchpriority=\"high\" decoding=\"async\" class=\"wp-image-71554 size-full aligncenter\" src=\"http:\/\/www.caririemacao.com\/1\/wp-content\/uploads\/2018\/11\/IMG-20181107-WA0156.jpg\" alt=\"\" width=\"1024\" height=\"768\" srcset=\"https:\/\/www.caririemacao.com\/1\/wp-content\/uploads\/2018\/11\/IMG-20181107-WA0156.jpg 1024w, https:\/\/www.caririemacao.com\/1\/wp-content\/uploads\/2018\/11\/IMG-20181107-WA0156-300x225.jpg 300w, https:\/\/www.caririemacao.com\/1\/wp-content\/uploads\/2018\/11\/IMG-20181107-WA0156-768x576.jpg 768w\" sizes=\"(max-width: 1024px) 100vw, 1024px\" \/><\/p>\n<p>Preocupado com a situa\u00e7\u00e3o, o prefeito \u00c9den, esteve no gabinete do deputado Wellington Roberto e de outros parlamentares paraibanos, solicitando o apoio deles na luta para garantir os recursos necess\u00e1rios \u00e0s pol\u00edticas p\u00fablicas do SUAS.<\/p>\n<p>\u201cN\u00e3o podemos permitir uma redu\u00e7\u00e3o t\u00e3o dr\u00e1stica como essa, principalmente dos que mais precisam como o BPC, Bolsa Fam\u00edlia, Cras, Creas\u201d, disse \u00c9den.<\/p>\n<p style=\"text-align: right;\"><em><strong>Ascom PMS<\/strong><\/em><\/p>\n","protected":false},"excerpt":{"rendered":"<p>O prefeito de Sum\u00e9, \u00c9den Duarte, acompanhou na manh\u00e3 de quarta-feira (07\/10), no gabinete do deputado federal Wellington Roberto, as representantes do Colegiado Estadual de&hellip; <\/p>\n","protected":false},"author":1,"featured_media":71553,"comment_status":"closed","ping_status":"closed","sticky":false,"template":"","format":"standard","meta":{"sfsi_plus_gutenberg_text_before_share":"","sfsi_plus_gutenberg_show_text_before_share":"","sfsi_plus_gutenberg_icon_type":"","sfsi_plus_gutenberg_icon_alignemt":"","sfsi_plus_gutenburg_max_per_row":"","footnotes":""},"categories":[2],"tags":[],"class_list":["post-71551","post","type-post","status-publish","format-standard","has-post-thumbnail","hentry","category-geral"],"_links":{"self":[{"href":"https:\/\/www.caririemacao.com\/1\/wp-json\/wp\/v2\/posts\/71551","targetHints":{"allow":["GET"]}}],"collection":[{"href":"https:\/\/www.caririemacao.com\/1\/wp-json\/wp\/v2\/posts"}],"about":[{"href":"https:\/\/www.caririemacao.com\/1\/wp-json\/wp\/v2\/types\/post"}],"author":[{"embeddable":true,"href":"https:\/\/www.caririemacao.com\/1\/wp-json\/wp\/v2\/users\/1"}],"replies":[{"embeddable":true,"href":"https:\/\/www.caririemacao.com\/1\/wp-json\/wp\/v2\/comments?post=71551"}],"version-history":[{"count":1,"href":"https:\/\/www.caririemacao.com\/1\/wp-json\/wp\/v2\/posts\/71551\/revisions"}],"predecessor-version":[{"id":71557,"href":"https:\/\/www.caririemacao.com\/1\/wp-json\/wp\/v2\/posts\/71551\/revisions\/71557"}],"wp:featuredmedia":[{"embeddable":true,"href":"https:\/\/www.caririemacao.com\/1\/wp-json\/wp\/v2\/media\/71553"}],"wp:attachment":[{"href":"https:\/\/www.caririemacao.com\/1\/wp-json\/wp\/v2\/media?parent=71551"}],"wp:term":[{"taxonomy":"category","embeddable":true,"href":"https:\/\/www.caririemacao.com\/1\/wp-json\/wp\/v2\/categories?post=71551"},{"taxonomy":"post_tag","embeddable":true,"href":"https:\/\/www.caririemacao.com\/1\/wp-json\/wp\/v2\/tags?post=71551"}],"curies":[{"name":"wp","href":"https:\/\/api.w.org\/{rel}","templated":true}]}}