{"id":71654,"date":"2018-11-09T11:42:21","date_gmt":"2018-11-09T14:42:21","guid":{"rendered":"http:\/\/www.caririemacao.com\/1\/?p=71654"},"modified":"2018-11-09T11:42:21","modified_gmt":"2018-11-09T14:42:21","slug":"enem-pb-tem-152-mil-inscritos-para-2o-dia-de-provas-neste-domingo","status":"publish","type":"post","link":"https:\/\/www.caririemacao.com\/1\/2018\/11\/09\/enem-pb-tem-152-mil-inscritos-para-2o-dia-de-provas-neste-domingo\/","title":{"rendered":"Enem\/PB tem 152 mil inscritos para 2\u00ba dia de provas neste domingo"},"content":{"rendered":"<p>O segundo dia de provas do Exame Nacional do Ensino M\u00e9dio (Enem) ser\u00e1 realizado no pr\u00f3ximo domingo (11) em todo o Brasil. Na Para\u00edba, de acordo com dados do Instituto Nacional de Estudos e Pesquisas Educacionais An\u00edsio Teixeira (Inep), torno de 152 mil estudantes est\u00e3o participando do Enem 2018, que est\u00e1 sendo aplicado em 344 locais de prova espalhados por 51 cidades do estado.<\/p>\n<div class=\"green-area t-left t-cont text-center\">\n<div class=\"anuncio\">\n<p>Neste segundo domingo de provas, os candidatos ter\u00e3o 5 horas para responder a 45 quest\u00f5es de ci\u00eancias da natureza e a 45 de matem\u00e1tica. Conforme o Inep, como a Para\u00edba n\u00e3o tem hor\u00e1rio de ver\u00e3o, os port\u00f5es dos locais da prova ser\u00e3o abertos \u00e0s 11h e fechados \u00e0s 12h. Ap\u00f3s isso nenhum candidato poder\u00e1 entrar, mas a prova s\u00f3 come\u00e7ar\u00e1 \u00e0s 12h30.<\/p>\n<p>Nesse per\u00edodo, ser\u00e3o realizados os procedimentos de seguran\u00e7a nas salas e os candidatos n\u00e3o devem se comunicar. N\u00e3o \u00e9 permitido que nenhum candidato deixe o local antes das duas primeiras horas de prova, segundo o Inep, apenas para ir ao banheiro, desde que acompanhado por fiscais. De acordo com coordenador adjunto de planejamento da Pol\u00edcia Militar, capit\u00e3o Onierbeth Elias de Oliveira, o mesmo esquema de seguran\u00e7a que foi adotado no primeiro domingo de prova ser\u00e1 adotado no pr\u00f3ximo domingo.<\/p>\n<p>Com objetivo de prevenir os crimes contra patrim\u00f4nio e contra a vida, manter a ordem p\u00fablica, e trazer tranquilidade aos candidatos, a PM empregar\u00e1 v\u00e1rios processos de policiamento \u2013 a p\u00e9, motorizado \u2013 e refor\u00e7o das unidades operacionais e batalh\u00f5es das \u00e1reas. Toda a opera\u00e7\u00e3o ser\u00e1 coordenada por tr\u00eas centros de comando e controle, instalados em Jo\u00e3o Pessoa (Quartel do Comando Geral), Campina Grande (sede do Comando do Policiamento Regional I) e Patos (Comando do Policiamento Regional II).<\/p>\n<p>Nos centros de comandos haver\u00e1 profissionais de todos os \u00f3rg\u00e3os envolvidos na aplica\u00e7\u00e3o das provas, a exemplo de oficiais da PM, policiais federais, representantes dos correios e da coordena\u00e7\u00e3o do Exame Nacional do Ensino M\u00e9dio na Para\u00edba, entre outros. Estes espa\u00e7os v\u00e3o acompanhar em tempo real toda a execu\u00e7\u00e3o da opera\u00e7\u00e3o, apresentando solu\u00e7\u00f5es r\u00e1pidas e integradas para qualquer tipo de demanda que surgir.<\/p>\n<\/div>\n<p>PB agora<\/p>\n<\/div>\n","protected":false},"excerpt":{"rendered":"<p>O segundo dia de provas do Exame Nacional do Ensino M\u00e9dio (Enem) ser\u00e1 realizado no pr\u00f3ximo domingo (11) em todo o Brasil. Na Para\u00edba, de&hellip; <\/p>\n","protected":false},"author":1,"featured_media":70923,"comment_status":"closed","ping_status":"closed","sticky":false,"template":"","format":"standard","meta":{"sfsi_plus_gutenberg_text_before_share":"","sfsi_plus_gutenberg_show_text_before_share":"","sfsi_plus_gutenberg_icon_type":"","sfsi_plus_gutenberg_icon_alignemt":"","sfsi_plus_gutenburg_max_per_row":"","footnotes":""},"categories":[14],"tags":[],"class_list":["post-71654","post","type-post","status-publish","format-standard","has-post-thumbnail","hentry","category-educacao"],"_links":{"self":[{"href":"https:\/\/www.caririemacao.com\/1\/wp-json\/wp\/v2\/posts\/71654","targetHints":{"allow":["GET"]}}],"collection":[{"href":"https:\/\/www.caririemacao.com\/1\/wp-json\/wp\/v2\/posts"}],"about":[{"href":"https:\/\/www.caririemacao.com\/1\/wp-json\/wp\/v2\/types\/post"}],"author":[{"embeddable":true,"href":"https:\/\/www.caririemacao.com\/1\/wp-json\/wp\/v2\/users\/1"}],"replies":[{"embeddable":true,"href":"https:\/\/www.caririemacao.com\/1\/wp-json\/wp\/v2\/comments?post=71654"}],"version-history":[{"count":1,"href":"https:\/\/www.caririemacao.com\/1\/wp-json\/wp\/v2\/posts\/71654\/revisions"}],"predecessor-version":[{"id":71657,"href":"https:\/\/www.caririemacao.com\/1\/wp-json\/wp\/v2\/posts\/71654\/revisions\/71657"}],"wp:featuredmedia":[{"embeddable":true,"href":"https:\/\/www.caririemacao.com\/1\/wp-json\/wp\/v2\/media\/70923"}],"wp:attachment":[{"href":"https:\/\/www.caririemacao.com\/1\/wp-json\/wp\/v2\/media?parent=71654"}],"wp:term":[{"taxonomy":"category","embeddable":true,"href":"https:\/\/www.caririemacao.com\/1\/wp-json\/wp\/v2\/categories?post=71654"},{"taxonomy":"post_tag","embeddable":true,"href":"https:\/\/www.caririemacao.com\/1\/wp-json\/wp\/v2\/tags?post=71654"}],"curies":[{"name":"wp","href":"https:\/\/api.w.org\/{rel}","templated":true}]}}