{"id":71658,"date":"2018-11-09T11:47:03","date_gmt":"2018-11-09T14:47:03","guid":{"rendered":"http:\/\/www.caririemacao.com\/1\/?p=71658"},"modified":"2018-11-09T13:40:17","modified_gmt":"2018-11-09T16:40:17","slug":"fatalidade-agricultor-de-35-anos-morre-vitima-de-acidente-de-moto-em-monteiro","status":"publish","type":"post","link":"https:\/\/www.caririemacao.com\/1\/2018\/11\/09\/fatalidade-agricultor-de-35-anos-morre-vitima-de-acidente-de-moto-em-monteiro\/","title":{"rendered":"Fatalidade: Agricultor de 35 anos morre v\u00edtima de acidente de moto em Monteiro"},"content":{"rendered":"<p>Um agricultor de 35 anos morreu ap\u00f3s perder o controle de sua moto e cair em frente \u00e0 resid\u00eancia de seu sogro na noite desta quinta-feira (08), na zona rural de Monteiro.<\/p>\n<p>Segundo informa\u00e7\u00f5es, o sogro da v\u00edtima estava assistindo TV, quando escutou um barulho, e ao levantar e sair de casa percebeu que era seu genro que estava ca\u00eddo ao lado da moto. O caso aconteceu no s\u00edtio Minas.<\/p>\n<p>Uma Unidade Servi\u00e7o de Atendimento M\u00f3vel (Samu) foi acionada, mas a v\u00edtima j\u00e1 estava sem vida. N\u00e3o se sabe ao certo as causas do acidente.<\/p>\n","protected":false},"excerpt":{"rendered":"<p>Um agricultor de 35 anos morreu ap\u00f3s perder o controle de sua moto e cair em frente \u00e0 resid\u00eancia de seu sogro na noite desta&hellip; <\/p>\n","protected":false},"author":1,"featured_media":25307,"comment_status":"closed","ping_status":"closed","sticky":false,"template":"","format":"standard","meta":{"sfsi_plus_gutenberg_text_before_share":"","sfsi_plus_gutenberg_show_text_before_share":"","sfsi_plus_gutenberg_icon_type":"","sfsi_plus_gutenberg_icon_alignemt":"","sfsi_plus_gutenburg_max_per_row":"","footnotes":""},"categories":[12],"tags":[],"class_list":["post-71658","post","type-post","status-publish","format-standard","has-post-thumbnail","hentry","category-policia"],"_links":{"self":[{"href":"https:\/\/www.caririemacao.com\/1\/wp-json\/wp\/v2\/posts\/71658","targetHints":{"allow":["GET"]}}],"collection":[{"href":"https:\/\/www.caririemacao.com\/1\/wp-json\/wp\/v2\/posts"}],"about":[{"href":"https:\/\/www.caririemacao.com\/1\/wp-json\/wp\/v2\/types\/post"}],"author":[{"embeddable":true,"href":"https:\/\/www.caririemacao.com\/1\/wp-json\/wp\/v2\/users\/1"}],"replies":[{"embeddable":true,"href":"https:\/\/www.caririemacao.com\/1\/wp-json\/wp\/v2\/comments?post=71658"}],"version-history":[{"count":1,"href":"https:\/\/www.caririemacao.com\/1\/wp-json\/wp\/v2\/posts\/71658\/revisions"}],"predecessor-version":[{"id":71659,"href":"https:\/\/www.caririemacao.com\/1\/wp-json\/wp\/v2\/posts\/71658\/revisions\/71659"}],"wp:featuredmedia":[{"embeddable":true,"href":"https:\/\/www.caririemacao.com\/1\/wp-json\/wp\/v2\/media\/25307"}],"wp:attachment":[{"href":"https:\/\/www.caririemacao.com\/1\/wp-json\/wp\/v2\/media?parent=71658"}],"wp:term":[{"taxonomy":"category","embeddable":true,"href":"https:\/\/www.caririemacao.com\/1\/wp-json\/wp\/v2\/categories?post=71658"},{"taxonomy":"post_tag","embeddable":true,"href":"https:\/\/www.caririemacao.com\/1\/wp-json\/wp\/v2\/tags?post=71658"}],"curies":[{"name":"wp","href":"https:\/\/api.w.org\/{rel}","templated":true}]}}