{"id":71660,"date":"2018-11-09T11:50:35","date_gmt":"2018-11-09T14:50:35","guid":{"rendered":"http:\/\/www.caririemacao.com\/1\/?p=71660"},"modified":"2018-11-09T11:50:35","modified_gmt":"2018-11-09T14:50:35","slug":"monteiro-sedia-1-simposio-de-radiologia-da-regiao-do-cariri-paraibano","status":"publish","type":"post","link":"https:\/\/www.caririemacao.com\/1\/2018\/11\/09\/monteiro-sedia-1-simposio-de-radiologia-da-regiao-do-cariri-paraibano\/","title":{"rendered":"Monteiro sedia 1\u00b0 Simp\u00f3sio de Radiologia da regi\u00e3o do Cariri paraibano"},"content":{"rendered":"<p>Come\u00e7ou nesta sexta-feira, dia 09, no munic\u00edpio de Monteiro, o 1\u00b0 Simp\u00f3sio de Radiologia de Monteiro e da regi\u00e3o do Cariri paraibano. O simp\u00f3sio acontece logo ap\u00f3s o encerramento da 1\u00aa Capacita\u00e7\u00e3o em Radioterapia que ocorreu nos dias 05, 06, 07 e 08 desta semana, e que foi um grande sucesso.<\/p>\n<p>Os eventos est\u00e3o sendo promovidos pelos profissionais das T\u00e9cnicas Radiogr\u00e1ficas, Aninha Formiga (Professora e Coordenadora do Curso T\u00e9cnico de Radiologia do CEC Educacional, T\u00e9cnica em Radiologia da UPA de Monteiro e T\u00e9cnica em Radiologia da UPA Dinam\u00e9rica em Campina Grande) e Obedes Guimaraes (T\u00e9cnico em Radiologia e Coordenador do setor de imagens da Cardioclin, T\u00e9cnico em Tomografia do Centro de Sa\u00fade Especializada da Mulher e Delegado Regional do 16\u00b0 CRTR).<\/p>\n<p>O Evento est\u00e1 sendo realizado atrav\u00e9s de uma parceria do CEC Educacional (Complexo Educacional do Cariri) e a Cardioclin.<\/p>\n<p>A Capacita\u00e7\u00e3o em Radioterapia foi ministrada pelo ex\u00edmio Profissional Wellington Oliveira, que veio de S\u00e3o Paulo para prestigiar os eventos com sua grandiosidade, e faz parte tamb\u00e9m da equipe de palestrantes do Simp\u00f3sio.<\/p>\n<div dir=\"auto\">O 1\u00b0 Simp\u00f3sio de Radiologia de Monteiro ter\u00e1 o seguinte conte\u00fado program\u00e1tico:<\/div>\n<div dir=\"auto\"><\/div>\n<div dir=\"auto\">CONTE\u00daDO PROGRAM\u00c1TICO<\/div>\n<div dir=\"auto\"><\/div>\n<div dir=\"auto\">\uf0d8 Humaniza\u00e7\u00e3o como pol\u00edtica necess\u00e1ria nas rela\u00e7\u00f5es interpessoais na sa\u00fade<\/div>\n<div dir=\"auto\">\u00a0Ministrante: Diogo Silva Soares<\/div>\n<div dir=\"auto\">*Bacharel em Direito<\/div>\n<div dir=\"auto\">*Gestor de Sa\u00fade<\/div>\n<div dir=\"auto\"><\/div>\n<div dir=\"auto\">\uf0d8 Patologias de t\u00f3rax e abdome detectadas em exames radiogr\u00e1ficos<\/div>\n<div dir=\"auto\">\u00a0 \u00a0 \u00a0 \u00a0Ministrante: Dr.\u00a0 Ramoni\u00ea de Miranda<\/div>\n<div dir=\"auto\">\u00a0 \u00a0 \u00a0 \u00a0*M\u00e9dico Radiologista \u2013 Titular do Col\u00e9gio Brasileiro de Radiologia<\/div>\n<div dir=\"auto\"><\/div>\n<div dir=\"auto\">\uf0d8 Fraturas e demais les\u00f5es detectadas em exames radiogr\u00e1ficos<\/div>\n<div dir=\"auto\">\u00a0 \u00a0 \u00a0 \u00a0Ministrante: Dr.\u00a0 Mikael Duarte<\/div>\n<div dir=\"auto\">\u00a0 \u00a0 \u00a0 \u00a0*M\u00e9dico Especialista \u2013 \u00a0Cirurgi\u00e3o e Ortopedista<\/div>\n<div dir=\"auto\"><\/div>\n<div dir=\"auto\">\uf0d8 Traumas de Face<\/div>\n<div dir=\"auto\">Ministrante: Fernando Lima<\/div>\n<div dir=\"auto\">*Enfermeiro do SAMU<\/div>\n<div dir=\"auto\">*P\u00f3s Graduado em Urg\u00eancia e Emerg\u00eancia<\/div>\n<div dir=\"auto\">*P\u00f3s Graduado em UTI<\/div>\n<div dir=\"auto\">*T\u00e9cnico em Ortopedia<\/div>\n<div dir=\"auto\"><\/div>\n<div dir=\"auto\">\uf0d8 Principais ocorr\u00eancias na cl\u00ednica m\u00e9dica veterin\u00e1ria diagnosticadas por imagem de RX<\/div>\n<div dir=\"auto\">\u00a0 \u00a0 \u00a0 \u00a0Ministrante: Dr. \u00c1lison Jos\u00e9 Dasmasceno Morato<\/div>\n<div dir=\"auto\">\u00a0 \u00a0 \u00a0 \u00a0*M\u00e9dico Veterin\u00e1rio \u2013 UFCG<\/div>\n<div dir=\"auto\">\u00a0 \u00a0 \u00a0 \u00a0*Mestrado em Ci\u00eancia Animal \u2013 UFCG<\/div>\n<div dir=\"auto\"><\/div>\n<div dir=\"auto\">\uf0d8 A import\u00e2ncia da psicologia na radiologia<\/div>\n<div dir=\"auto\">\u00a0 \u00a0 \u00a0 \u00a0 Ministrante: Sandro Riccely de Melo Vieira<\/div>\n<div dir=\"auto\">\u00a0 \u00a0 \u00a0 \u00a0*Psic\u00f3logo Cognitivo-Comportamental<\/div>\n<div dir=\"auto\"><\/div>\n<div dir=\"auto\">\uf0d8 Anatomia e patologia por imagens<\/div>\n<div dir=\"auto\">Fisiopatologia do c\u00e2ncer e humaniza\u00e7\u00e3o em oncologia\u00a0\u00a0 \u00a0 \u00a0 \u00a0 \u00a0 \u00a0 \u00a0 \u00a0 \u00a0 \u00a0 \u00a0 \u00a0 \u00a0 \u00a0 \u00a0 \u00a0 \u00a0 \u00a0 \u00a0 \u00a0 \u00a0 \u00a0 \u00a0 \u00a0 Ministrante: Wellington Oliveira \u00a0 \u00a0 \u00a0 \u00a0 \u00a0 \u00a0 \u00a0 \u00a0 \u00a0 \u00a0 \u00a0 \u00a0 \u00a0 \u00a0 \u00a0 \u00a0 \u00a0 \u00a0 \u00a0 \u00a0 \u00a0 \u00a0 \u00a0 \u00a0 \u00a0 \u00a0 \u00a0 \u00a0 \u00a0 \u00a0 \u00a0 \u00a0 \u00a0 \u00a0 \u00a0 \u00a0 \u00a0 \u00a0 \u00a0 \u00a0 \u00a0 \u00a0 \u00a0 \u00a0 \u00a0 \u00a0 \u00a0 \u00a0 \u00a0 *Tecn\u00f3logo em Radiologia \u2013 Universidade \u00cdtalo Brasileira.<\/div>\n<div dir=\"auto\">\u00a0 \u00a0 \u00a0*P\u00f3s graduado em Radioterapia \u2013 Senac.<\/div>\n<div dir=\"auto\">\u00a0 \u00a0 \u00a0*P\u00f3s graduado em Diagn\u00f3stico por Imagem e Oncologia \u2013 USP.<\/div>\n<div dir=\"auto\">\u00a0 \u00a0 \u00a0*P\u00f3s graduando em tecnologia e metodologias ativas no ensino blended e a dist\u00e2ncia.<\/div>\n<div dir=\"auto\">\u00a0 \u00a0 \u00a0*Mestrando em Educa\u00e7\u00e3o, forma\u00e7\u00e3o de gestores educacionais.<\/div>\n<div dir=\"auto\">\u00a0 \u00a0 \u00a0*Docente no curso de gradua\u00e7\u00e3o em Radiologia e P\u00f3s gradua\u00e7\u00e3o em Radioterapia \u2013 \u00a0Finaci.<\/div>\n<div dir=\"auto\">\u00a0 \u00a0 \u00a0*Docente no curso de Gradua\u00e7\u00e3o em radiologia \u00a0 \u2013 Famesp.<\/div>\n<div dir=\"auto\">\u00a0 \u00a0 \u00a0*Docente no curso t\u00e9cnico em Radiologia- Hospital Alem\u00e3o Oswaldo Cruz.<\/div>\n<div dir=\"auto\">\u00a0 \u00a0 \u00a0*Tecn\u00f3logo em Radiologia do Instituto do C\u00e2ncer do Estado de S\u00e3o Paulo.<\/div>\n","protected":false},"excerpt":{"rendered":"<p>Come\u00e7ou nesta sexta-feira, dia 09, no munic\u00edpio de Monteiro, o 1\u00b0 Simp\u00f3sio de Radiologia de Monteiro e da regi\u00e3o do Cariri paraibano. O simp\u00f3sio acontece&hellip; <\/p>\n","protected":false},"author":1,"featured_media":71661,"comment_status":"closed","ping_status":"closed","sticky":false,"template":"","format":"standard","meta":{"sfsi_plus_gutenberg_text_before_share":"","sfsi_plus_gutenberg_show_text_before_share":"","sfsi_plus_gutenberg_icon_type":"","sfsi_plus_gutenberg_icon_alignemt":"","sfsi_plus_gutenburg_max_per_row":"","footnotes":""},"categories":[2],"tags":[],"class_list":["post-71660","post","type-post","status-publish","format-standard","has-post-thumbnail","hentry","category-geral"],"_links":{"self":[{"href":"https:\/\/www.caririemacao.com\/1\/wp-json\/wp\/v2\/posts\/71660","targetHints":{"allow":["GET"]}}],"collection":[{"href":"https:\/\/www.caririemacao.com\/1\/wp-json\/wp\/v2\/posts"}],"about":[{"href":"https:\/\/www.caririemacao.com\/1\/wp-json\/wp\/v2\/types\/post"}],"author":[{"embeddable":true,"href":"https:\/\/www.caririemacao.com\/1\/wp-json\/wp\/v2\/users\/1"}],"replies":[{"embeddable":true,"href":"https:\/\/www.caririemacao.com\/1\/wp-json\/wp\/v2\/comments?post=71660"}],"version-history":[{"count":1,"href":"https:\/\/www.caririemacao.com\/1\/wp-json\/wp\/v2\/posts\/71660\/revisions"}],"predecessor-version":[{"id":71662,"href":"https:\/\/www.caririemacao.com\/1\/wp-json\/wp\/v2\/posts\/71660\/revisions\/71662"}],"wp:featuredmedia":[{"embeddable":true,"href":"https:\/\/www.caririemacao.com\/1\/wp-json\/wp\/v2\/media\/71661"}],"wp:attachment":[{"href":"https:\/\/www.caririemacao.com\/1\/wp-json\/wp\/v2\/media?parent=71660"}],"wp:term":[{"taxonomy":"category","embeddable":true,"href":"https:\/\/www.caririemacao.com\/1\/wp-json\/wp\/v2\/categories?post=71660"},{"taxonomy":"post_tag","embeddable":true,"href":"https:\/\/www.caririemacao.com\/1\/wp-json\/wp\/v2\/tags?post=71660"}],"curies":[{"name":"wp","href":"https:\/\/api.w.org\/{rel}","templated":true}]}}