{"id":71663,"date":"2018-11-09T11:56:41","date_gmt":"2018-11-09T14:56:41","guid":{"rendered":"http:\/\/www.caririemacao.com\/1\/?p=71663"},"modified":"2018-11-09T11:56:41","modified_gmt":"2018-11-09T14:56:41","slug":"tre-reduz-para-dois-os-diplomas-para-suplentes-por-coligacao-ou-partido-na-paraiba","status":"publish","type":"post","link":"https:\/\/www.caririemacao.com\/1\/2018\/11\/09\/tre-reduz-para-dois-os-diplomas-para-suplentes-por-coligacao-ou-partido-na-paraiba\/","title":{"rendered":"TRE reduz para dois os diplomas para suplentes por coliga\u00e7\u00e3o ou partido na Para\u00edba"},"content":{"rendered":"<p>O n\u00famero de suplentes aos cargos de deputado federal e estadual na Para\u00edba ser\u00e1 reduzido neste ano de 2018. A Justi\u00e7a Eleitoral pode diplomar at\u00e9 tr\u00eas suplentes por coliga\u00e7\u00e3o ou por partido. No entanto segundo informa\u00e7\u00f5es confirmadas ao ClickPB, a presid\u00eancia do Tribunal Regional Eleitoral da Para\u00edba (TRE-PB) decidiu conceder os diplomas a dois suplentes.<\/p>\n<p>Sendo assim, ser\u00e3o diplomadas ao todo 80 pessoas, dentre eleitos e suplentes, pelo TRE-PB no dia 18 de dezembro, \u00e0s 16h no Teatro Pedra do Reino.<\/p>\n<p>Ser\u00e3o diplomados o governador eleito, Jo\u00e3o Azev\u00eado, e sua vice, L\u00edgia Feliciano, al\u00e9m dos senadores Veneziano Vital e Daniella Ribeiro, juntamente com seus respectivos suplentes. Tamb\u00e9m foram eleitos 12 deputados federais, que ser\u00e3o diplomados junto com 10 suplentes. Para a Assembleia Legislativa da Para\u00edba ser\u00e3o diplomados 14 suplentes juntamente com os 36 deputados estaduais eleitos.<\/p>\n<p>Com a redu\u00e7\u00e3o no n\u00famero de suplentes diplomados, alguns nomes tradicionais ficar\u00e3o de fora. Na Assembleia Legislativa da Para\u00edba n\u00e3o ser\u00e3o diplomados Trocolli Junior, Gustavo Wanderley, Z\u00e9 Paulo, Sargento Neto, Doutor Z\u00e9 C\u00e9lio, Cabo S\u00e9rgio Rafael e F\u00e1bio Fernandes. J\u00e1 dentre os terceiros suplentes da C\u00e2mara Federal que n\u00e3o ser\u00e3o eleitos est\u00e3o Sandra Marrocos, Manoel Junior, Genilson Lucena, Helena Holanda e Walter Junior.<\/p>\n<p>Os suplentes que ficam para o cargo de deputado federal s\u00e3o Ana Cl\u00e1udia Vital, Bispo Jos\u00e9 Luiz, Leonardo Gadelha, Bruno Cunha Lima, Capit\u00e3o Ant\u00f4nio, P\u00e2mela B\u00f3rio, Eliza, Hilton Souto Maior, Benjamin Maranh\u00e3o e Tatiana Medeiros.<\/p>\n<p>J\u00e1 os suplentes a serem diplomados para o cargo de deputado estadual s\u00e3o Jutay Meneses, Lindolfo Pires, Dr\u00aa\u00a0Jane, Cl\u00e1udio R\u00e9gis, An\u00edsio Maia, Jac\u00f3 Maciel, Jo\u00e3o Almeida, Irm\u00e3o C\u00e9zar, Rafaela Camaraense, Raoni Mendes, Janduhy Carneiro, Euda Fabiana, Jullys Roberto e Dr. Ol\u00edmpio.<\/p>\n<p>Veja quem s\u00e3o os suplentes em cada uma das coliga\u00e7\u00f5es. Apesar da lista, somente os dois primeiros suplentes ser\u00e3o diplomados.<\/p>\n<p><strong>Deputados federais:<\/strong><\/p>\n<figure><img decoding=\"async\" data-src=\"https:\/\/www.clickpb.com.br\/media\/filer_public\/93\/20\/9320cfd9-d0bf-4b87-9493-193d3dec6826\/suplentes_deputados_federais.jpg\" data-image=\"106822\" src=\"data:image\/svg+xml;base64,PHN2ZyB3aWR0aD0iMSIgaGVpZ2h0PSIxIiB4bWxucz0iaHR0cDovL3d3dy53My5vcmcvMjAwMC9zdmciPjwvc3ZnPg==\" class=\"lazyload\" \/><\/figure>\n<p><strong>Deputados estaduais:<\/strong><\/p>\n<figure><img decoding=\"async\" data-src=\"https:\/\/www.clickpb.com.br\/media\/filer_public\/8b\/b4\/8bb46aff-2a8e-482c-9885-8c50155c0aeb\/suplentes_deputados_estaduais_1.jpg\" data-image=\"106823\" src=\"data:image\/svg+xml;base64,PHN2ZyB3aWR0aD0iMSIgaGVpZ2h0PSIxIiB4bWxucz0iaHR0cDovL3d3dy53My5vcmcvMjAwMC9zdmciPjwvc3ZnPg==\" class=\"lazyload\" \/><\/figure>\n<figure><img decoding=\"async\" data-src=\"https:\/\/www.clickpb.com.br\/media\/filer_public\/27\/1d\/271de454-83c1-4f3a-bcdc-82a4a1aa0135\/suplentes_deputados_estaduais_2.jpg\" data-image=\"106824\" src=\"data:image\/svg+xml;base64,PHN2ZyB3aWR0aD0iMSIgaGVpZ2h0PSIxIiB4bWxucz0iaHR0cDovL3d3dy53My5vcmcvMjAwMC9zdmciPjwvc3ZnPg==\" class=\"lazyload\" \/><\/figure>\n<figure><img decoding=\"async\" data-src=\"https:\/\/www.clickpb.com.br\/media\/filer_public\/f4\/90\/f4908754-07be-42d8-b27f-29d90d2571d7\/suplentes_deputados_estaduais_3.jpg\" data-image=\"106825\" src=\"data:image\/svg+xml;base64,PHN2ZyB3aWR0aD0iMSIgaGVpZ2h0PSIxIiB4bWxucz0iaHR0cDovL3d3dy53My5vcmcvMjAwMC9zdmciPjwvc3ZnPg==\" class=\"lazyload\" \/><\/figure>\n","protected":false},"excerpt":{"rendered":"<p>O n\u00famero de suplentes aos cargos de deputado federal e estadual na Para\u00edba ser\u00e1 reduzido neste ano de 2018. A Justi\u00e7a Eleitoral pode diplomar at\u00e9&hellip; <\/p>\n","protected":false},"author":1,"featured_media":71433,"comment_status":"closed","ping_status":"closed","sticky":false,"template":"","format":"standard","meta":{"sfsi_plus_gutenberg_text_before_share":"","sfsi_plus_gutenberg_show_text_before_share":"","sfsi_plus_gutenberg_icon_type":"","sfsi_plus_gutenberg_icon_alignemt":"","sfsi_plus_gutenburg_max_per_row":"","footnotes":""},"categories":[11],"tags":[],"class_list":["post-71663","post","type-post","status-publish","format-standard","has-post-thumbnail","hentry","category-politica"],"_links":{"self":[{"href":"https:\/\/www.caririemacao.com\/1\/wp-json\/wp\/v2\/posts\/71663","targetHints":{"allow":["GET"]}}],"collection":[{"href":"https:\/\/www.caririemacao.com\/1\/wp-json\/wp\/v2\/posts"}],"about":[{"href":"https:\/\/www.caririemacao.com\/1\/wp-json\/wp\/v2\/types\/post"}],"author":[{"embeddable":true,"href":"https:\/\/www.caririemacao.com\/1\/wp-json\/wp\/v2\/users\/1"}],"replies":[{"embeddable":true,"href":"https:\/\/www.caririemacao.com\/1\/wp-json\/wp\/v2\/comments?post=71663"}],"version-history":[{"count":1,"href":"https:\/\/www.caririemacao.com\/1\/wp-json\/wp\/v2\/posts\/71663\/revisions"}],"predecessor-version":[{"id":71664,"href":"https:\/\/www.caririemacao.com\/1\/wp-json\/wp\/v2\/posts\/71663\/revisions\/71664"}],"wp:featuredmedia":[{"embeddable":true,"href":"https:\/\/www.caririemacao.com\/1\/wp-json\/wp\/v2\/media\/71433"}],"wp:attachment":[{"href":"https:\/\/www.caririemacao.com\/1\/wp-json\/wp\/v2\/media?parent=71663"}],"wp:term":[{"taxonomy":"category","embeddable":true,"href":"https:\/\/www.caririemacao.com\/1\/wp-json\/wp\/v2\/categories?post=71663"},{"taxonomy":"post_tag","embeddable":true,"href":"https:\/\/www.caririemacao.com\/1\/wp-json\/wp\/v2\/tags?post=71663"}],"curies":[{"name":"wp","href":"https:\/\/api.w.org\/{rel}","templated":true}]}}