{"id":71665,"date":"2018-11-09T12:03:04","date_gmt":"2018-11-09T15:03:04","guid":{"rendered":"http:\/\/www.caririemacao.com\/1\/?p=71665"},"modified":"2018-11-09T12:03:04","modified_gmt":"2018-11-09T15:03:04","slug":"correios-anunciam-reajuste-nas-tarifas-postais-veja-novos-valores","status":"publish","type":"post","link":"https:\/\/www.caririemacao.com\/1\/2018\/11\/09\/correios-anunciam-reajuste-nas-tarifas-postais-veja-novos-valores\/","title":{"rendered":"Correios anunciam reajuste nas tarifas postais; veja novos valores"},"content":{"rendered":"<div class=\"mc-column content-text active-extra-styles active-capital-letter\" data-block-type=\"unstyled\" data-block-weight=\"29\" data-block-id=\"2\">\n<p class=\"content-text__container theme-color-primary-first-letter\" data-track-category=\"Link no Texto\" data-track-links=\"\">Os Correios v\u00e3o reajustar as tarifas dos servi\u00e7os postais prestados em regime de exclusividade. A corre\u00e7\u00e3o m\u00e9dia autorizada para este ano \u00e9 de 5,99% para servi\u00e7os nacionais e internacionais.<\/p>\n<\/div>\n<div class=\"wall protected-content\">\n<div class=\"mc-column content-text active-extra-styles \" data-block-type=\"unstyled\" data-block-weight=\"72\" data-block-id=\"3\">\n<p class=\"content-text__container \" data-track-category=\"Link no Texto\" data-track-links=\"\">O primeiro porte da carta comercial, por exemplo, ter\u00e1 seu valor atualizado de R$ 1,85 para R$ 1,95. J\u00e1 a carta n\u00e3o comercial e cart\u00e3o postal passar\u00e3o de R$ 1,25 para R$ 1,30. No caso de telegrama nacional redigido pela internet, a nova tarifa \u00e9 de R$ 8,15 por p\u00e1gina \u2013 antes, a tarifa vigente era de R$ 7,69. O telegrama fonado ficou em R$ 9,84, e na ag\u00eancia, em R$ 11,81.<\/p>\n<\/div>\n<div class=\"mc-column content-text active-extra-styles \" data-block-type=\"unstyled\" data-block-weight=\"21\" data-block-id=\"4\">\n<p class=\"content-text__container \" data-track-category=\"Link no Texto\" data-track-links=\"\">As novas tarifas n\u00e3o se aplicam ao segmento de encomendas (PAC e Sedex) e marketing direto, de acordo com a estatal.<\/p>\n<\/div>\n<div class=\"mc-column content-text active-extra-styles \" data-block-type=\"unstyled\" data-block-weight=\"27\" data-block-id=\"5\">\n<p class=\"content-text__container \" data-track-category=\"Link no Texto\" data-track-links=\"\">A portaria com o reajuste foi publicada no Di\u00e1rio Oficial da Uni\u00e3o desta sexta-feira pelo Minist\u00e9rio da Ci\u00eancia, Tecnologia, Inova\u00e7\u00f5es e Comunica\u00e7\u00f5es \u2013\u00a0<a href=\"http:\/\/www.imprensanacional.gov.br\/materia\/-\/asset_publisher\/Kujrw0TZC2Mb\/content\/id\/49477927\" target=\"_blank\" rel=\"noopener\">veja as tabelas completas.<\/a><\/p>\n<\/div>\n<div class=\"mc-column content-text active-extra-styles \" data-block-type=\"unstyled\" data-block-weight=\"17\" data-block-id=\"6\">\n<p class=\"content-text__container \" data-track-category=\"Link no Texto\" data-track-links=\"\">O reajuste considerou o IPCA acumulado entre fevereiro de 2017 e setembro de 2018, segundo o minist\u00e9rio.<\/p>\n<p>O \u00faltimo reajuste para esses servi\u00e7os foi anunciado em outubro do ano passado e foi dividido em duas parcelas: a primeira de 6,121% por prazo indeterminado e a segunda de 4,094% autorizada a vigorar por 64 meses (5 anos e meio).<\/p>\n<p>J\u00e1 as tarifas dos servi\u00e7os de Sedex e PAC para clientes de contrato dos Correios foram reajustadas em mar\u00e7o entre 8% e 51%.<\/p>\n<p>Em agosto, os Correios come\u00e7aram a cobrar R$ 15 de todas as encomendas internacionais que chegarem ao pa\u00eds pela empresa. Esse despacho postal s\u00f3 era cobrado de objetos tributados pela Receita Federal, mas, segundo a estatal, o aumento das importa\u00e7\u00f5es a obrigou a cobrar de todas as encomendas para manter \u201co padr\u00e3o do servi\u00e7o\u201d.<\/p>\n<p>Crise financeira<br \/>\nOs Correios t\u00eam enfrentado a mais grave crise financeira de sua hist\u00f3ria e t\u00eam realizado uma s\u00e9rie de medidas de redu\u00e7\u00e3o de custos e de reestrutura\u00e7\u00e3o da folha de pagamentos.<\/p>\n<p>O reajuste de tarifas postais vem como refor\u00e7o no caixa. Em 2017, a estatal afirmou que havia um represamento das tarifas em anos anteriores, quando n\u00e3o houve repasse integral da infla\u00e7\u00e3o.<\/p>\n<p>A empresa acumulou dois rombos de R$ 4 bilh\u00f5es nos anos de 2015 e 2016. A estatal j\u00e1 abriu Plano de Desligamento Incentivado, fez cortes de fun\u00e7\u00f5es e cargos comissionados e tem fechado gradualmente ag\u00eancias pelo pa\u00eds.<\/p>\n<p>Em outubro, a estatal anunciou o fechamento de 41 ag\u00eancias em v\u00e1rias partes do pa\u00eds, como \u201cparte de um \u201cprocesso de remodelagem da rede de atendimento, por meio da otimiza\u00e7\u00e3o e realoca\u00e7\u00e3o dos recursos existentes\u201d.<\/p>\n<p>Em agosto, reportagem do G1 constatou a falta de embalagens em ag\u00eancias de S\u00e3o Paulo.<\/p>\n<p>Em mar\u00e7o, o Tribunal Superior do Trabalho (TST) autorizou os Correios a cobrar dos funcion\u00e1rios mensalidades do plano de sa\u00fade. O valor da mensalidade depende da renda do trabalhador. A decis\u00e3o vale at\u00e9 julho de 2019. Pode ainda ser cobrada coparticipa\u00e7\u00e3o para consultas e exames, limitada a dois sal\u00e1rios para funcion\u00e1rios da ativa e de tr\u00eas sal\u00e1rios para aposentados.<\/p>\n<p>G1<\/p>\n<\/div>\n<\/div>\n","protected":false},"excerpt":{"rendered":"<p>Os Correios v\u00e3o reajustar as tarifas dos servi\u00e7os postais prestados em regime de exclusividade. A corre\u00e7\u00e3o m\u00e9dia autorizada para este ano \u00e9 de 5,99% para&hellip; <\/p>\n","protected":false},"author":1,"featured_media":3385,"comment_status":"closed","ping_status":"closed","sticky":false,"template":"","format":"standard","meta":{"sfsi_plus_gutenberg_text_before_share":"","sfsi_plus_gutenberg_show_text_before_share":"","sfsi_plus_gutenberg_icon_type":"","sfsi_plus_gutenberg_icon_alignemt":"","sfsi_plus_gutenburg_max_per_row":"","footnotes":""},"categories":[2],"tags":[],"class_list":["post-71665","post","type-post","status-publish","format-standard","has-post-thumbnail","hentry","category-geral"],"_links":{"self":[{"href":"https:\/\/www.caririemacao.com\/1\/wp-json\/wp\/v2\/posts\/71665","targetHints":{"allow":["GET"]}}],"collection":[{"href":"https:\/\/www.caririemacao.com\/1\/wp-json\/wp\/v2\/posts"}],"about":[{"href":"https:\/\/www.caririemacao.com\/1\/wp-json\/wp\/v2\/types\/post"}],"author":[{"embeddable":true,"href":"https:\/\/www.caririemacao.com\/1\/wp-json\/wp\/v2\/users\/1"}],"replies":[{"embeddable":true,"href":"https:\/\/www.caririemacao.com\/1\/wp-json\/wp\/v2\/comments?post=71665"}],"version-history":[{"count":1,"href":"https:\/\/www.caririemacao.com\/1\/wp-json\/wp\/v2\/posts\/71665\/revisions"}],"predecessor-version":[{"id":71666,"href":"https:\/\/www.caririemacao.com\/1\/wp-json\/wp\/v2\/posts\/71665\/revisions\/71666"}],"wp:featuredmedia":[{"embeddable":true,"href":"https:\/\/www.caririemacao.com\/1\/wp-json\/wp\/v2\/media\/3385"}],"wp:attachment":[{"href":"https:\/\/www.caririemacao.com\/1\/wp-json\/wp\/v2\/media?parent=71665"}],"wp:term":[{"taxonomy":"category","embeddable":true,"href":"https:\/\/www.caririemacao.com\/1\/wp-json\/wp\/v2\/categories?post=71665"},{"taxonomy":"post_tag","embeddable":true,"href":"https:\/\/www.caririemacao.com\/1\/wp-json\/wp\/v2\/tags?post=71665"}],"curies":[{"name":"wp","href":"https:\/\/api.w.org\/{rel}","templated":true}]}}