{"id":71673,"date":"2018-11-09T12:10:07","date_gmt":"2018-11-09T15:10:07","guid":{"rendered":"http:\/\/www.caririemacao.com\/1\/?p=71673"},"modified":"2018-11-09T12:10:07","modified_gmt":"2018-11-09T15:10:07","slug":"tse-aprova-relatorio-com-totalizacao-de-votos-do-primeiro-turno-da-paraiba-2","status":"publish","type":"post","link":"https:\/\/www.caririemacao.com\/1\/2018\/11\/09\/tse-aprova-relatorio-com-totalizacao-de-votos-do-primeiro-turno-da-paraiba-2\/","title":{"rendered":"TSE aprova relat\u00f3rio com totaliza\u00e7\u00e3o de votos do primeiro turno da Para\u00edba"},"content":{"rendered":"<p>O plen\u00e1rio do Tribunal Superior Eleitoral (TSE) aprovou, na manh\u00e3 desta quinta-feira (8), o relat\u00f3rio com o resultado da totaliza\u00e7\u00e3o dos votos do primeiro turno da elei\u00e7\u00e3o para Presidente da Rep\u00fablica na Para\u00edba. A decis\u00e3o un\u00e2nime da Corte acompanhou o voto do relator, o ministro Og Fernandes.<\/p>\n<p>Ao votar pela aprova\u00e7\u00e3o do relat\u00f3rio, o ministro Og Fernandes comunicou que o Tribunal Regional Eleitoral da Para\u00edba (TRE-PB) informou n\u00e3o ter ocorrido d\u00favidas ou impugna\u00e7\u00f5es referentes ao primeiro turno da elei\u00e7\u00e3o presidencial no estado.<\/p>\n<p>Em setembro deste ano, os ju\u00edzes membros S\u00e9rgio Murilo Wanderley Queiroga, Ant\u00f4nio Carneiro de Paiva J\u00fanior e Paulo Wanderley C\u00e2mara, sob a presid\u00eancia do primeiro, foram designados para compor a Comiss\u00e3o Apuradora das Elei\u00e7\u00f5es 2018.<\/p>\n<p>Blog do Gordinho<\/p>\n","protected":false},"excerpt":{"rendered":"<p>O plen\u00e1rio do Tribunal Superior Eleitoral (TSE) aprovou, na manh\u00e3 desta quinta-feira (8), o relat\u00f3rio com o resultado da totaliza\u00e7\u00e3o dos votos do primeiro turno&hellip; <\/p>\n","protected":false},"author":1,"featured_media":71674,"comment_status":"closed","ping_status":"closed","sticky":false,"template":"","format":"standard","meta":{"sfsi_plus_gutenberg_text_before_share":"","sfsi_plus_gutenberg_show_text_before_share":"","sfsi_plus_gutenberg_icon_type":"","sfsi_plus_gutenberg_icon_alignemt":"","sfsi_plus_gutenburg_max_per_row":"","footnotes":""},"categories":[11],"tags":[],"class_list":["post-71673","post","type-post","status-publish","format-standard","has-post-thumbnail","hentry","category-politica"],"_links":{"self":[{"href":"https:\/\/www.caririemacao.com\/1\/wp-json\/wp\/v2\/posts\/71673","targetHints":{"allow":["GET"]}}],"collection":[{"href":"https:\/\/www.caririemacao.com\/1\/wp-json\/wp\/v2\/posts"}],"about":[{"href":"https:\/\/www.caririemacao.com\/1\/wp-json\/wp\/v2\/types\/post"}],"author":[{"embeddable":true,"href":"https:\/\/www.caririemacao.com\/1\/wp-json\/wp\/v2\/users\/1"}],"replies":[{"embeddable":true,"href":"https:\/\/www.caririemacao.com\/1\/wp-json\/wp\/v2\/comments?post=71673"}],"version-history":[{"count":1,"href":"https:\/\/www.caririemacao.com\/1\/wp-json\/wp\/v2\/posts\/71673\/revisions"}],"predecessor-version":[{"id":71675,"href":"https:\/\/www.caririemacao.com\/1\/wp-json\/wp\/v2\/posts\/71673\/revisions\/71675"}],"wp:featuredmedia":[{"embeddable":true,"href":"https:\/\/www.caririemacao.com\/1\/wp-json\/wp\/v2\/media\/71674"}],"wp:attachment":[{"href":"https:\/\/www.caririemacao.com\/1\/wp-json\/wp\/v2\/media?parent=71673"}],"wp:term":[{"taxonomy":"category","embeddable":true,"href":"https:\/\/www.caririemacao.com\/1\/wp-json\/wp\/v2\/categories?post=71673"},{"taxonomy":"post_tag","embeddable":true,"href":"https:\/\/www.caririemacao.com\/1\/wp-json\/wp\/v2\/tags?post=71673"}],"curies":[{"name":"wp","href":"https:\/\/api.w.org\/{rel}","templated":true}]}}