{"id":71676,"date":"2018-11-09T12:14:38","date_gmt":"2018-11-09T15:14:38","guid":{"rendered":"http:\/\/www.caririemacao.com\/1\/?p=71676"},"modified":"2018-11-09T12:14:38","modified_gmt":"2018-11-09T15:14:38","slug":"operacao-da-pf-envolve-vice-prefeito-de-joao-pessoa","status":"publish","type":"post","link":"https:\/\/www.caririemacao.com\/1\/2018\/11\/09\/operacao-da-pf-envolve-vice-prefeito-de-joao-pessoa\/","title":{"rendered":"Opera\u00e7\u00e3o da PF envolve vice-prefeito de Jo\u00e3o Pessoa"},"content":{"rendered":"<p>O empres\u00e1rio Joesley Batista, um dos donos da JBS, o vice-governador de Minas Gerais, Antonio Andrade (MDB), o ex-ministro Neri Geller (PP-MT) e o deputado estadual Jo\u00e3o Magalh\u00e3es (MDB-MG) foram presos nesta sexta-feira (9), alvos da Opera\u00e7\u00e3o Capitu, deflagrada pela Pol\u00edcia Federal.<\/p>\n<p>A a\u00e7\u00e3o investiga suposto esquema de corrup\u00e7\u00e3o no Minist\u00e9rio da Agricultura entre 2014 e 2015, quando Andrade e Geller foram ministros na gest\u00e3o de Dilma Rousseff (PT).<\/p>\n<p>Tamb\u00e9m alvo da opera\u00e7\u00e3o, o executivo Ricardo Saud (ex-diretor da J&amp;F, holding que controla a JBS) foi levado \u00e0 sede da PF.<\/p>\n<p>A PF cumpre 63 mandados de busca e apreens\u00e3o e 19 de pris\u00e3o tempor\u00e1ria em cinco estados: Minas Gerais, S\u00e3o Paulo, Rio de Janeiro, Para\u00edba e Mato Grosso. Apenas em Belo Horizonte s\u00e3o cumpridos 26 mandados. Os mandados foram expedidos pelo TRF-1 (Tribunal Regional Federal da 1\u00aa Regi\u00e3o) e mobilizam 310 agentes da PF.<\/p>\n<p>Segundo a vers\u00e3o da PF, a opera\u00e7\u00e3o \u00e9 baseada na dela\u00e7\u00e3o de L\u00facio Funaro (apontado como operador financeiro do MDB), que disse que havia um esquema de distribui\u00e7\u00e3o de suborno pela JBS para pol\u00edticos do MDB e servidores dentro do Minist\u00e9rio da Agricultura, na gest\u00e3o de Antonio Andrade.<\/p>\n<p>Em troca do dinheiro, eram aprovadas medidas que beneficiariam os empres\u00e1rios. Segundo a investiga\u00e7\u00e3o, entre as medidas, estavam licenciamentos e normas do minist\u00e9rio que, na pr\u00e1tica, eliminaram a concorr\u00eancia da empresa no mercado de carnes.<\/p>\n<p>\u201cTodos esses fatos s\u00f3 s\u00e3o investigados porque Joesley entregou dados e documentos \u00e0 Pol\u00edcia Federal. A pris\u00e3o merece ser reconsiderada\u201d, disse Pierpaolo Bottini, um dos advogados de defesa.<\/p>\n<p>Segundo a dela\u00e7\u00e3o de Funaro, a JBS tamb\u00e9m teria repassado cerca de R$ 7 milh\u00f5es ao MDB na C\u00e2mara. Esta propina, de acordo com a PF, era negociada com o ent\u00e3o deputado federal Eduardo Cunha (MDB-RJ) e entregue aos demais pol\u00edticos e servidores da pasta por Funaro.<\/p>\n<p>Em contrapartida, o minist\u00e9rio beneficiou a JBS com determina\u00e7\u00f5es como a regulamenta\u00e7\u00e3o da exporta\u00e7\u00e3o de despojos, a proibi\u00e7\u00e3o do uso da ivermectina (rem\u00e9dio que combate verminoses e parasitas) de longa dura\u00e7\u00e3o e a federaliza\u00e7\u00e3o das inspe\u00e7\u00f5es de frigor\u00edficos. Pela primeira medida, foram pagos R$ 2 milh\u00f5es e pela segunda, R$ 5 milh\u00f5es.<\/p>\n<div id=\"attachment_482286\" class=\"wp-caption aligncenter\"><img decoding=\"async\" class=\"wp-image-482286 size-full lazyloaded\" src=\"https:\/\/paraibaonline.com.br\/wp-content\/uploads\/2018\/08\/MANOEL-JR.jpeg\" sizes=\"(max-width: 1024px) 100vw, 1024px\" srcset=\"https:\/\/paraibaonline.com.br\/wp-content\/uploads\/2018\/08\/MANOEL-JR.jpeg 1024w, https:\/\/paraibaonline.com.br\/wp-content\/uploads\/2018\/08\/MANOEL-JR-557x417.jpeg 557w, https:\/\/paraibaonline.com.br\/wp-content\/uploads\/2018\/08\/MANOEL-JR-884x662.jpeg 884w, https:\/\/paraibaonline.com.br\/wp-content\/uploads\/2018\/08\/MANOEL-JR-800x600.jpeg 800w\" alt=\"Foto: Paraibaonline\" data-lazy-src=\"https:\/\/paraibaonline.com.br\/wp-content\/uploads\/2018\/08\/MANOEL-JR.jpeg\" data-lazy-srcset=\"https:\/\/paraibaonline.com.br\/wp-content\/uploads\/2018\/08\/MANOEL-JR.jpeg 1024w, https:\/\/paraibaonline.com.br\/wp-content\/uploads\/2018\/08\/MANOEL-JR-557x417.jpeg 557w, https:\/\/paraibaonline.com.br\/wp-content\/uploads\/2018\/08\/MANOEL-JR-884x662.jpeg 884w, https:\/\/paraibaonline.com.br\/wp-content\/uploads\/2018\/08\/MANOEL-JR-800x600.jpeg 800w\" data-lazy-sizes=\"(max-width: 1024px) 100vw, 1024px\" data-was-processed=\"true\" \/><\/p>\n<p class=\"wp-caption-text\">Foto: Paraibaonline<\/p>\n<\/div>\n<p>O ent\u00e3o deputado federal Manoel Junior (PSC-PB), atual vice-prefeito de Jo\u00e3o Pessoa, teria recebido, segundo a PF, R$ 50 mil pela tentativa de promover a federaliza\u00e7\u00e3o das inspe\u00e7\u00f5es sanit\u00e1rias por meio de uma emenda em medida provis\u00f3ria de 2014 que tratava de assunto diverso, o licenciamento de farm\u00e1cias.<\/p>\n<p>O inqu\u00e9rito apurou ainda que a JBS financiou ilegalmente, com R$ 30 milh\u00f5es, a campanha de Cunha para a presid\u00eancia da C\u00e2mara. Metade da verba foi repassada a Andrade, que por sua vez redistribuiu parte dos recursos entre a bancada mineira.<\/p>\n","protected":false},"excerpt":{"rendered":"<p>O empres\u00e1rio Joesley Batista, um dos donos da JBS, o vice-governador de Minas Gerais, Antonio Andrade (MDB), o ex-ministro Neri Geller (PP-MT) e o deputado&hellip; <\/p>\n","protected":false},"author":1,"featured_media":71677,"comment_status":"closed","ping_status":"closed","sticky":false,"template":"","format":"standard","meta":{"sfsi_plus_gutenberg_text_before_share":"","sfsi_plus_gutenberg_show_text_before_share":"","sfsi_plus_gutenberg_icon_type":"","sfsi_plus_gutenberg_icon_alignemt":"","sfsi_plus_gutenburg_max_per_row":"","footnotes":""},"categories":[11],"tags":[],"class_list":["post-71676","post","type-post","status-publish","format-standard","has-post-thumbnail","hentry","category-politica"],"_links":{"self":[{"href":"https:\/\/www.caririemacao.com\/1\/wp-json\/wp\/v2\/posts\/71676","targetHints":{"allow":["GET"]}}],"collection":[{"href":"https:\/\/www.caririemacao.com\/1\/wp-json\/wp\/v2\/posts"}],"about":[{"href":"https:\/\/www.caririemacao.com\/1\/wp-json\/wp\/v2\/types\/post"}],"author":[{"embeddable":true,"href":"https:\/\/www.caririemacao.com\/1\/wp-json\/wp\/v2\/users\/1"}],"replies":[{"embeddable":true,"href":"https:\/\/www.caririemacao.com\/1\/wp-json\/wp\/v2\/comments?post=71676"}],"version-history":[{"count":1,"href":"https:\/\/www.caririemacao.com\/1\/wp-json\/wp\/v2\/posts\/71676\/revisions"}],"predecessor-version":[{"id":71678,"href":"https:\/\/www.caririemacao.com\/1\/wp-json\/wp\/v2\/posts\/71676\/revisions\/71678"}],"wp:featuredmedia":[{"embeddable":true,"href":"https:\/\/www.caririemacao.com\/1\/wp-json\/wp\/v2\/media\/71677"}],"wp:attachment":[{"href":"https:\/\/www.caririemacao.com\/1\/wp-json\/wp\/v2\/media?parent=71676"}],"wp:term":[{"taxonomy":"category","embeddable":true,"href":"https:\/\/www.caririemacao.com\/1\/wp-json\/wp\/v2\/categories?post=71676"},{"taxonomy":"post_tag","embeddable":true,"href":"https:\/\/www.caririemacao.com\/1\/wp-json\/wp\/v2\/tags?post=71676"}],"curies":[{"name":"wp","href":"https:\/\/api.w.org\/{rel}","templated":true}]}}