{"id":71700,"date":"2018-11-09T13:39:26","date_gmt":"2018-11-09T16:39:26","guid":{"rendered":"http:\/\/www.caririemacao.com\/1\/?p=71700"},"modified":"2018-11-09T13:39:26","modified_gmt":"2018-11-09T16:39:26","slug":"policia-civil-de-alagoas-mata-11-suspeitos-de-assalto-a-banco","status":"publish","type":"post","link":"https:\/\/www.caririemacao.com\/1\/2018\/11\/09\/policia-civil-de-alagoas-mata-11-suspeitos-de-assalto-a-banco\/","title":{"rendered":"Pol\u00edcia Civil de Alagoas mata 11 suspeitos de assalto a banco"},"content":{"rendered":"<p>Onze suspeitos de assaltar uma ag\u00eancia banc\u00e1ria no agreste de Pernambuco foram mortos por policiais civis na tarde desta quinta-feira (8) em Santana do Ipanema, sert\u00e3o de Alagoas, durante opera\u00e7\u00e3o para prend\u00ea-los.<\/p>\n<p>A Pol\u00edcia Civil de Alagoas informou que houve confronto. Nenhum policial ficou gravemente ferido.\u00a0\u201cEles dispararam sem nenhuma t\u00e9cnica. A Pol\u00edcia Civil tem todo o preparo\u201d, justificou o delegado F\u00e1bio Costa, um dos coordenadores da a\u00e7\u00e3o.\u00a0Ele ressaltou que alguns estilha\u00e7os atingiram parte dos agentes.<\/p>\n<div id=\"attachment_525206\" class=\"wp-caption aligncenter\">\n<p><img decoding=\"async\" class=\"wp-image-525206 size-full lazyloaded\" src=\"https:\/\/paraibaonline.com.br\/wp-content\/uploads\/2018\/11\/armas0911.jpg\" sizes=\"(max-width: 768px) 100vw, 768px\" srcset=\"https:\/\/paraibaonline.com.br\/wp-content\/uploads\/2018\/11\/armas0911.jpg 768w, https:\/\/paraibaonline.com.br\/wp-content\/uploads\/2018\/11\/armas0911-313x417.jpg 313w, https:\/\/paraibaonline.com.br\/wp-content\/uploads\/2018\/11\/armas0911-497x662.jpg 497w\" alt=\"\" data-lazy-src=\"https:\/\/paraibaonline.com.br\/wp-content\/uploads\/2018\/11\/armas0911.jpg\" data-lazy-srcset=\"https:\/\/paraibaonline.com.br\/wp-content\/uploads\/2018\/11\/armas0911.jpg 768w, https:\/\/paraibaonline.com.br\/wp-content\/uploads\/2018\/11\/armas0911-313x417.jpg 313w, https:\/\/paraibaonline.com.br\/wp-content\/uploads\/2018\/11\/armas0911-497x662.jpg 497w\" data-lazy-sizes=\"(max-width: 768px) 100vw, 768px\" data-was-processed=\"true\" \/><\/p>\n<p class=\"wp-caption-text\">Foto: Reprodu\u00e7\u00e3o\/Internet<\/p>\n<\/div>\n<p>Costa disse que os policiais foram ao local para capturar os suspeitos. \u201cO nosso principal objetivo era prend\u00ea-los.\u201d\u00a0Com o grupo, que estava escondido dentro de uma casa na zona rural da cidade, foram apreendidos dois fuzis, quatro espingardas calibre 12, pistolas, coletes \u00e0 prova de balas e explosivos.<\/p>\n<p>Uma caminhonete que teria sido utilizada no assalto realizado na madrugada desta quinta-feira (8), no munic\u00edpio de \u00c1guas Belas, distante a 66 quil\u00f4metros de Santana do Ipanema, tamb\u00e9m foi localizada.<\/p>\n<p>O delegado F\u00e1bio Costa comunicou que os corpos ainda est\u00e3o sendo identificados e liberados para as fam\u00edlias.<\/p>\n<p>Ele declarou que pelo menos tr\u00eas dos suspeitos\u00a0eram integrantes de quadrilhas que explodiam ag\u00eancias banc\u00e1rias em estados nordestinos. \u201cAlguns s\u00e3o procurados pela Pol\u00edcia Federal e tamb\u00e9m pela for\u00e7a policial de v\u00e1rios estados.\u201d<\/p>\n<p>Informa\u00e7\u00f5es da Pol\u00edcia Civil indicam que o grupo era composto por homens de Alagoas, Pernambuco, Par\u00e1, Para\u00edba, Rio Grande do Norte, Bahia e Sergipe.\u00a0Um deles, conforme o delegado, teria participado de um assalto a um shopping em Campina Grande, na Para\u00edba, localizado nas proximidades da Pol\u00edcia Federal.<\/p>\n<p>\u201cEst\u00e1vamos investigando o grupo fazia tr\u00eas meses. Quando chegamos ao local, agentes que estavam cortando a cerca de arame farpado foram recebidos com tiros de fuzil. Houve uma intensa troca de tiros que durou dez minutos\u201d.\u00a0Costa diz acreditar que n\u00e3o houve fuga. \u201cUtilizamos um helic\u00f3ptero da Secretaria de Seguran\u00e7a P\u00fablica que chegou ao local no mesmo momento.\u201d\u00a0A a\u00e7\u00e3o, intitulada Cavalo de Troia, contou com 25 homens da Pol\u00edcia Civil e ocorreu por volta das 15h (hor\u00e1rio local).<\/p>\n<p>Fotos que circulam pelo aplicativo de mensagens\u00a0WhatsApp mostram os corpos amontoados dentro da casa e, posteriormente, na ca\u00e7amba da caminhonete apreendida no local.\u00a0Grande parte do grupo aparece nas imagens apenas de cueca.<\/p>\n<p style=\"text-align: right;\"><em><strong>Folhapress\/Foto: Reprodu\u00e7\u00e3o\u00a0<\/strong><\/em><\/p>\n","protected":false},"excerpt":{"rendered":"<p>Onze suspeitos de assaltar uma ag\u00eancia banc\u00e1ria no agreste de Pernambuco foram mortos por policiais civis na tarde desta quinta-feira (8) em Santana do Ipanema,&hellip; <\/p>\n","protected":false},"author":1,"featured_media":71701,"comment_status":"closed","ping_status":"closed","sticky":false,"template":"","format":"standard","meta":{"sfsi_plus_gutenberg_text_before_share":"","sfsi_plus_gutenberg_show_text_before_share":"","sfsi_plus_gutenberg_icon_type":"","sfsi_plus_gutenberg_icon_alignemt":"","sfsi_plus_gutenburg_max_per_row":"","footnotes":""},"categories":[12],"tags":[],"class_list":["post-71700","post","type-post","status-publish","format-standard","has-post-thumbnail","hentry","category-policia"],"_links":{"self":[{"href":"https:\/\/www.caririemacao.com\/1\/wp-json\/wp\/v2\/posts\/71700","targetHints":{"allow":["GET"]}}],"collection":[{"href":"https:\/\/www.caririemacao.com\/1\/wp-json\/wp\/v2\/posts"}],"about":[{"href":"https:\/\/www.caririemacao.com\/1\/wp-json\/wp\/v2\/types\/post"}],"author":[{"embeddable":true,"href":"https:\/\/www.caririemacao.com\/1\/wp-json\/wp\/v2\/users\/1"}],"replies":[{"embeddable":true,"href":"https:\/\/www.caririemacao.com\/1\/wp-json\/wp\/v2\/comments?post=71700"}],"version-history":[{"count":1,"href":"https:\/\/www.caririemacao.com\/1\/wp-json\/wp\/v2\/posts\/71700\/revisions"}],"predecessor-version":[{"id":71703,"href":"https:\/\/www.caririemacao.com\/1\/wp-json\/wp\/v2\/posts\/71700\/revisions\/71703"}],"wp:featuredmedia":[{"embeddable":true,"href":"https:\/\/www.caririemacao.com\/1\/wp-json\/wp\/v2\/media\/71701"}],"wp:attachment":[{"href":"https:\/\/www.caririemacao.com\/1\/wp-json\/wp\/v2\/media?parent=71700"}],"wp:term":[{"taxonomy":"category","embeddable":true,"href":"https:\/\/www.caririemacao.com\/1\/wp-json\/wp\/v2\/categories?post=71700"},{"taxonomy":"post_tag","embeddable":true,"href":"https:\/\/www.caririemacao.com\/1\/wp-json\/wp\/v2\/tags?post=71700"}],"curies":[{"name":"wp","href":"https:\/\/api.w.org\/{rel}","templated":true}]}}