{"id":71711,"date":"2018-11-09T14:03:58","date_gmt":"2018-11-09T17:03:58","guid":{"rendered":"http:\/\/www.caririemacao.com\/1\/?p=71711"},"modified":"2018-11-09T14:03:58","modified_gmt":"2018-11-09T17:03:58","slug":"sabado-tem-gente-boa-no-sitio-salgadinho-em-caraubas","status":"publish","type":"post","link":"https:\/\/www.caririemacao.com\/1\/2018\/11\/09\/sabado-tem-gente-boa-no-sitio-salgadinho-em-caraubas\/","title":{"rendered":"S\u00e1bado tem Gente Boa no S\u00edtio Salgadinho em Cara\u00fabas"},"content":{"rendered":"<p>Neste s\u00e1bado acontece no S\u00edtio Salgadinho em Cara\u00fabas, a tradicional festa de Santa Edwiges.<\/p>\n<p>A parte musical da festa ter\u00e1 in\u00edcio as 22 horas com Nero Soares, seguido de Gente Boa e Marcelo Oliveira.<\/p>\n<div class=\"NyOT29dL amp-wp-inline-21998716d663c265faade591b419ac5a\"><\/div>\n<p>O evento \u00e9 uma realiza\u00e7\u00e3o da Prefeitura Municipal de Cara\u00fabas.<\/p>\n","protected":false},"excerpt":{"rendered":"<p>Neste s\u00e1bado acontece no S\u00edtio Salgadinho em Cara\u00fabas, a tradicional festa de Santa Edwiges. A parte musical da festa ter\u00e1 in\u00edcio as 22 horas com&hellip; <\/p>\n","protected":false},"author":1,"featured_media":71712,"comment_status":"closed","ping_status":"closed","sticky":false,"template":"","format":"standard","meta":{"sfsi_plus_gutenberg_text_before_share":"","sfsi_plus_gutenberg_show_text_before_share":"","sfsi_plus_gutenberg_icon_type":"","sfsi_plus_gutenberg_icon_alignemt":"","sfsi_plus_gutenburg_max_per_row":"","footnotes":""},"categories":[6],"tags":[],"class_list":["post-71711","post","type-post","status-publish","format-standard","has-post-thumbnail","hentry","category-cidades"],"_links":{"self":[{"href":"https:\/\/www.caririemacao.com\/1\/wp-json\/wp\/v2\/posts\/71711","targetHints":{"allow":["GET"]}}],"collection":[{"href":"https:\/\/www.caririemacao.com\/1\/wp-json\/wp\/v2\/posts"}],"about":[{"href":"https:\/\/www.caririemacao.com\/1\/wp-json\/wp\/v2\/types\/post"}],"author":[{"embeddable":true,"href":"https:\/\/www.caririemacao.com\/1\/wp-json\/wp\/v2\/users\/1"}],"replies":[{"embeddable":true,"href":"https:\/\/www.caririemacao.com\/1\/wp-json\/wp\/v2\/comments?post=71711"}],"version-history":[{"count":1,"href":"https:\/\/www.caririemacao.com\/1\/wp-json\/wp\/v2\/posts\/71711\/revisions"}],"predecessor-version":[{"id":71713,"href":"https:\/\/www.caririemacao.com\/1\/wp-json\/wp\/v2\/posts\/71711\/revisions\/71713"}],"wp:featuredmedia":[{"embeddable":true,"href":"https:\/\/www.caririemacao.com\/1\/wp-json\/wp\/v2\/media\/71712"}],"wp:attachment":[{"href":"https:\/\/www.caririemacao.com\/1\/wp-json\/wp\/v2\/media?parent=71711"}],"wp:term":[{"taxonomy":"category","embeddable":true,"href":"https:\/\/www.caririemacao.com\/1\/wp-json\/wp\/v2\/categories?post=71711"},{"taxonomy":"post_tag","embeddable":true,"href":"https:\/\/www.caririemacao.com\/1\/wp-json\/wp\/v2\/tags?post=71711"}],"curies":[{"name":"wp","href":"https:\/\/api.w.org\/{rel}","templated":true}]}}