{"id":71714,"date":"2018-11-09T14:10:49","date_gmt":"2018-11-09T17:10:49","guid":{"rendered":"http:\/\/www.caririemacao.com\/1\/?p=71714"},"modified":"2018-11-09T14:10:49","modified_gmt":"2018-11-09T17:10:49","slug":"igreja-catolica-da-cidade-do-congo-e-invadida-e-tem-objetos-roubados","status":"publish","type":"post","link":"https:\/\/www.caririemacao.com\/1\/2018\/11\/09\/igreja-catolica-da-cidade-do-congo-e-invadida-e-tem-objetos-roubados\/","title":{"rendered":"Igreja Cat\u00f3lica da cidade do Congo \u00e9 invadida e tem objetos roubados"},"content":{"rendered":"<p>A Igreja cat\u00f3lica da \u00c1rea Pastoral de SantAna, localizada na cidade do Congo, cariri paraibano, foi alvo dos ladr\u00f5es provavelmente na noite desta quinta-feira(08). Os ladr\u00f5es furtaram v\u00e1rios objetos e utens\u00edlios de valor da igreja cat\u00f3lica.<\/p>\n<p>De acordo com o Secret\u00e1rio Paroquial, Jos\u00e9 Carlos, os ladr\u00f5es provavelmente entraram na igreja cat\u00f3lica a noite, quando estava sendo realizado um momento de adora\u00e7\u00e3o ao sant\u00edssimo sacramento. Os ladr\u00f5es teriam pegado a chave de dentro de uma das portas e se esconderam em algum local, e ao t\u00e9rmino da adora\u00e7\u00e3o e o fechamento da igreja, tiveram tempo h\u00e1bil, para furtar os objetos da igreja. O furto foi dado conta, quando os funcion\u00e1rios da Igreja notaram na manh\u00e3 desta sexta-feira(09), a falta dos objetos dentro da igreja cat\u00f3lica.<\/p>\n<p>Dentre os objetos roubados foram relatos pela Igreja; 04- conjuntos de ambulas e c\u00e1lices, 02 Garrafas de vinhos lacradas e uma aberta, 05\u00a0 C\u00e1lices grandes, 03 ambulas grandes ,v\u00e1rios produtos de limpeza, v\u00e1rios alimentos, 01 Mesa de som e dois microfones sem fio, 02 Jogos de luz, 01 DVD e uma caixa de som 01, TV Branco e preto e um aparelho de v\u00eddeo cacete e uma naveta de incenso.<\/p>\n<p>O Boletim de ocorr\u00eancia j\u00e1 feito pela \u00c1rea Pastoral de SantAna. E ao mesmo tempo, comunica se alguma pessoa souber de alguma informa\u00e7\u00e3o ou identificar alguns dos objetos roubados, podem entrar em contato com a pol\u00edcia militar ou com a Igreja.<\/p>\n<p><strong>De olho no Cariri<\/strong><\/p>\n","protected":false},"excerpt":{"rendered":"<p>A Igreja cat\u00f3lica da \u00c1rea Pastoral de SantAna, localizada na cidade do Congo, cariri paraibano, foi alvo dos ladr\u00f5es provavelmente na noite desta quinta-feira(08). Os&hellip; <\/p>\n","protected":false},"author":1,"featured_media":71715,"comment_status":"closed","ping_status":"closed","sticky":false,"template":"","format":"standard","meta":{"sfsi_plus_gutenberg_text_before_share":"","sfsi_plus_gutenberg_show_text_before_share":"","sfsi_plus_gutenberg_icon_type":"","sfsi_plus_gutenberg_icon_alignemt":"","sfsi_plus_gutenburg_max_per_row":"","footnotes":""},"categories":[12],"tags":[],"class_list":["post-71714","post","type-post","status-publish","format-standard","has-post-thumbnail","hentry","category-policia"],"_links":{"self":[{"href":"https:\/\/www.caririemacao.com\/1\/wp-json\/wp\/v2\/posts\/71714","targetHints":{"allow":["GET"]}}],"collection":[{"href":"https:\/\/www.caririemacao.com\/1\/wp-json\/wp\/v2\/posts"}],"about":[{"href":"https:\/\/www.caririemacao.com\/1\/wp-json\/wp\/v2\/types\/post"}],"author":[{"embeddable":true,"href":"https:\/\/www.caririemacao.com\/1\/wp-json\/wp\/v2\/users\/1"}],"replies":[{"embeddable":true,"href":"https:\/\/www.caririemacao.com\/1\/wp-json\/wp\/v2\/comments?post=71714"}],"version-history":[{"count":1,"href":"https:\/\/www.caririemacao.com\/1\/wp-json\/wp\/v2\/posts\/71714\/revisions"}],"predecessor-version":[{"id":71716,"href":"https:\/\/www.caririemacao.com\/1\/wp-json\/wp\/v2\/posts\/71714\/revisions\/71716"}],"wp:featuredmedia":[{"embeddable":true,"href":"https:\/\/www.caririemacao.com\/1\/wp-json\/wp\/v2\/media\/71715"}],"wp:attachment":[{"href":"https:\/\/www.caririemacao.com\/1\/wp-json\/wp\/v2\/media?parent=71714"}],"wp:term":[{"taxonomy":"category","embeddable":true,"href":"https:\/\/www.caririemacao.com\/1\/wp-json\/wp\/v2\/categories?post=71714"},{"taxonomy":"post_tag","embeddable":true,"href":"https:\/\/www.caririemacao.com\/1\/wp-json\/wp\/v2\/tags?post=71714"}],"curies":[{"name":"wp","href":"https:\/\/api.w.org\/{rel}","templated":true}]}}