{"id":71717,"date":"2018-11-09T14:15:43","date_gmt":"2018-11-09T17:15:43","guid":{"rendered":"http:\/\/www.caririemacao.com\/1\/?p=71717"},"modified":"2018-11-09T14:15:43","modified_gmt":"2018-11-09T17:15:43","slug":"bolsonaro-nega-proposta-de-aumentar-contribuicao-para-a-previdencia","status":"publish","type":"post","link":"https:\/\/www.caririemacao.com\/1\/2018\/11\/09\/bolsonaro-nega-proposta-de-aumentar-contribuicao-para-a-previdencia\/","title":{"rendered":"Bolsonaro nega proposta de aumentar contribui\u00e7\u00e3o para a Previd\u00eancia"},"content":{"rendered":"<div class=\"ads-980-100 hidden-sm hidden-md hidden-lg\">\n<div class=\"container-fluid\">\n<div class=\"row\">\n<div class=\"col-xs-12 col-sm-12 col-md-12 col-lg-12\"><a href=\"http:\/\/www.sicredinne.com.br\/centroparaibana\/\" target=\"_blank\" rel=\"noopener\"><img decoding=\"async\" class=\"lazyloading\" data-src=\"https:\/\/paraibaonline.com.br\/wp-content\/uploads\/2018\/09\/sicredi-energia-solar-320x100.gif\" alt=\"Publicidade\" data-was-processed=\"true\" src=\"data:image\/svg+xml;base64,PHN2ZyB3aWR0aD0iMSIgaGVpZ2h0PSIxIiB4bWxucz0iaHR0cDovL3d3dy53My5vcmcvMjAwMC9zdmciPjwvc3ZnPg==\" style=\"--smush-placeholder-width: 320px; --smush-placeholder-aspect-ratio: 320\/100;\" \/><\/a><\/div>\n<\/div>\n<\/div>\n<\/div>\n<div class=\"content\">\n<p>O presidente eleito Jair Bolsonaro disse hoje (8), nas redes sociais, que n\u00e3o \u00e9 da sua equipe a proposta de reforma da Previd\u00eancia que estabelece um aumento do tempo de contribui\u00e7\u00e3o para aposentadoria integral, elevando o prazo para 40 anos.<\/p>\n<div id=\"attachment_525186\" class=\"wp-caption aligncenter\"><img decoding=\"async\" class=\"wp-image-525186 size-full lazyloaded\" src=\"https:\/\/paraibaonline.com.br\/wp-content\/uploads\/2018\/11\/bolsonaro0811-1.jpg\" sizes=\"(max-width: 1024px) 100vw, 1024px\" srcset=\"https:\/\/paraibaonline.com.br\/wp-content\/uploads\/2018\/11\/bolsonaro0811-1.jpg 1024w, https:\/\/paraibaonline.com.br\/wp-content\/uploads\/2018\/11\/bolsonaro0811-1-567x378.jpg 567w, https:\/\/paraibaonline.com.br\/wp-content\/uploads\/2018\/11\/bolsonaro0811-1-900x600.jpg 900w\" alt=\"\" data-lazy-src=\"https:\/\/paraibaonline.com.br\/wp-content\/uploads\/2018\/11\/bolsonaro0811-1.jpg\" data-lazy-srcset=\"https:\/\/paraibaonline.com.br\/wp-content\/uploads\/2018\/11\/bolsonaro0811-1.jpg 1024w, https:\/\/paraibaonline.com.br\/wp-content\/uploads\/2018\/11\/bolsonaro0811-1-567x378.jpg 567w, https:\/\/paraibaonline.com.br\/wp-content\/uploads\/2018\/11\/bolsonaro0811-1-900x600.jpg 900w\" data-lazy-sizes=\"(max-width: 1024px) 100vw, 1024px\" data-was-processed=\"true\" \/><\/p>\n<p class=\"wp-caption-text\">Foto: Antonio Cruz\/Ag\u00eancia Brasil<\/p>\n<\/div>\n<p>Ele tamb\u00e9m negou a autoria da cria\u00e7\u00e3o da al\u00edquota de 22% para o Instituto Nacional de Seguridade Social (INSS).<\/p>\n<p>\u201cN\u00e3o s\u00e3o de nossa autoria como tentam atribuir falsamente\u201d, destacou.<\/p>\n<p>Ao longo da semana, em que passou a maior parte dos dias em Bras\u00edlia, Bolsonaro tratou do assunto com parlamentares, integrantes da equipe de transi\u00e7\u00e3o e com o pr\u00f3prio presidente Michel Temer.<\/p>\n<p>A ideia \u00e9 tentar garantir a aprova\u00e7\u00e3o, ainda este ano, de alguns pontos \u201cposs\u00edveis\u201d pelo Congresso Nacional.<\/p>\n<p>O presidente eleito chegou a defender a fixa\u00e7\u00e3o da idade m\u00ednima de 61 anos para os homens e 56 para mulheres.<\/p>\n<p>O economista Paulo Guedes, confirmado para o Minist\u00e9rio da Economia, acredita que se houver avan\u00e7os at\u00e9 dezembro, o futuro governo pode aprofundar outras quest\u00f5es mais pol\u00eamicas a partir de 2019, como a que trata da idade m\u00ednima.<\/p>\n<p>Em meio a dificuldades pela falta de consenso no Congresso Nacional, Bolsonaro indicou que a negocia\u00e7\u00e3o passa por buscar a aprova\u00e7\u00e3o de medidas que n\u00e3o alterem a Constitui\u00e7\u00e3o. Assim, fica assegurada, como consequ\u00eancia, a interven\u00e7\u00e3o federal no Rio de Janeiro at\u00e9 31 de dezembro.<\/p>\n<p>Altera\u00e7\u00f5es da Constitui\u00e7\u00e3o n\u00e3o podem ser feitas durante a decreta\u00e7\u00e3o de estados de s\u00edtio, de defesa ou de interven\u00e7\u00e3o federal.<\/p>\n<p>Ag\u00eancia Brasil<\/p>\n<\/div>\n","protected":false},"excerpt":{"rendered":"<p>O presidente eleito Jair Bolsonaro disse hoje (8), nas redes sociais, que n\u00e3o \u00e9 da sua equipe a proposta de reforma da Previd\u00eancia que estabelece&hellip; <\/p>\n","protected":false},"author":1,"featured_media":71471,"comment_status":"closed","ping_status":"closed","sticky":false,"template":"","format":"standard","meta":{"sfsi_plus_gutenberg_text_before_share":"","sfsi_plus_gutenberg_show_text_before_share":"","sfsi_plus_gutenberg_icon_type":"","sfsi_plus_gutenberg_icon_alignemt":"","sfsi_plus_gutenburg_max_per_row":"","footnotes":""},"categories":[11],"tags":[],"class_list":["post-71717","post","type-post","status-publish","format-standard","has-post-thumbnail","hentry","category-politica"],"_links":{"self":[{"href":"https:\/\/www.caririemacao.com\/1\/wp-json\/wp\/v2\/posts\/71717","targetHints":{"allow":["GET"]}}],"collection":[{"href":"https:\/\/www.caririemacao.com\/1\/wp-json\/wp\/v2\/posts"}],"about":[{"href":"https:\/\/www.caririemacao.com\/1\/wp-json\/wp\/v2\/types\/post"}],"author":[{"embeddable":true,"href":"https:\/\/www.caririemacao.com\/1\/wp-json\/wp\/v2\/users\/1"}],"replies":[{"embeddable":true,"href":"https:\/\/www.caririemacao.com\/1\/wp-json\/wp\/v2\/comments?post=71717"}],"version-history":[{"count":1,"href":"https:\/\/www.caririemacao.com\/1\/wp-json\/wp\/v2\/posts\/71717\/revisions"}],"predecessor-version":[{"id":71718,"href":"https:\/\/www.caririemacao.com\/1\/wp-json\/wp\/v2\/posts\/71717\/revisions\/71718"}],"wp:featuredmedia":[{"embeddable":true,"href":"https:\/\/www.caririemacao.com\/1\/wp-json\/wp\/v2\/media\/71471"}],"wp:attachment":[{"href":"https:\/\/www.caririemacao.com\/1\/wp-json\/wp\/v2\/media?parent=71717"}],"wp:term":[{"taxonomy":"category","embeddable":true,"href":"https:\/\/www.caririemacao.com\/1\/wp-json\/wp\/v2\/categories?post=71717"},{"taxonomy":"post_tag","embeddable":true,"href":"https:\/\/www.caririemacao.com\/1\/wp-json\/wp\/v2\/tags?post=71717"}],"curies":[{"name":"wp","href":"https:\/\/api.w.org\/{rel}","templated":true}]}}