{"id":71728,"date":"2018-11-09T15:11:45","date_gmt":"2018-11-09T18:11:45","guid":{"rendered":"http:\/\/www.caririemacao.com\/1\/?p=71728"},"modified":"2018-11-09T15:11:45","modified_gmt":"2018-11-09T18:11:45","slug":"nonato-bandeira-anuncia-saida-do-pps-na-paraiba-e-descarta-assumir-novo-cargo-publico","status":"publish","type":"post","link":"https:\/\/www.caririemacao.com\/1\/2018\/11\/09\/nonato-bandeira-anuncia-saida-do-pps-na-paraiba-e-descarta-assumir-novo-cargo-publico\/","title":{"rendered":"Nonato Bandeira anuncia sa\u00edda do PPS na Para\u00edba e descarta assumir novo cargo p\u00fablico"},"content":{"rendered":"<p>O jornalista Nonato Bandeira anunciou nesta sexta-feira (9) a sa\u00edda da presid\u00eancia do PPS da Para\u00edba. Ele ir\u00e1 abandonar a vida p\u00fablica e se dedicar ao jornalismo, seu of\u00edcio original, descartando assim a possibilidade de assumir secretaria no governo de Jo\u00e3o Azev\u00eado (PSB). Nonato concedeu entrevista ao programa \u2018R\u00e1dio Verdade\u2019, da Arapuan FM, onde fez o an\u00fancio.<\/p>\n<p>\u201cDe volta ao jornalismo, mas incorporando novos olhares. Estou cheio de planos, ideias novas que pretendo implantar e aprender com os colegas que est\u00e3o na profiss\u00e3o. S\u00e3o 14 anos que eu estava no servi\u00e7o p\u00fablico, estava com muita saudade e estou muito entusiasmado para este retorno\u201d, afirmou.<\/p>\n<p>Nonato se candidatou a deputado federal nas elei\u00e7\u00f5es deste ano e n\u00e3o conseguiu a elei\u00e7\u00e3o. Ele j\u00e1 havia declarado anteriormente que iria abandonar a vida p\u00fablica em caso de derrota. Apesar disso, n\u00e3o deixar\u00e1 de tratar a pol\u00edtica na nova fase da sua vida.<\/p>\n<p>\u201cEu vou trabalhar com pol\u00edtica. S\u00f3 que nos bastidores, com os pol\u00edticos, com a pol\u00edtica. Estamos vivendo tempos sombrios de radicalismo muito grande, ultraconservadorismo, de tentativa de tolher a liberdade de imprensa. Ent\u00e3o \u00e9 o tempo certo para quem tem posicionamentos muito claros\u201d, finalizou.<\/p>\n<p><strong>Vida p\u00fablica<\/strong><\/p>\n<p>Vice-prefeito de Jo\u00e3o Pessoa por dois mandatos, Nonato tamb\u00e9m foi secret\u00e1rio-chefe do gabinete no governo de Ricardo Coutinho (PSB).<\/p>\n","protected":false},"excerpt":{"rendered":"<p>O jornalista Nonato Bandeira anunciou nesta sexta-feira (9) a sa\u00edda da presid\u00eancia do PPS da Para\u00edba. Ele ir\u00e1 abandonar a vida p\u00fablica e se dedicar&hellip; <\/p>\n","protected":false},"author":1,"featured_media":71729,"comment_status":"closed","ping_status":"closed","sticky":false,"template":"","format":"standard","meta":{"sfsi_plus_gutenberg_text_before_share":"","sfsi_plus_gutenberg_show_text_before_share":"","sfsi_plus_gutenberg_icon_type":"","sfsi_plus_gutenberg_icon_alignemt":"","sfsi_plus_gutenburg_max_per_row":"","footnotes":""},"categories":[11],"tags":[],"class_list":["post-71728","post","type-post","status-publish","format-standard","has-post-thumbnail","hentry","category-politica"],"_links":{"self":[{"href":"https:\/\/www.caririemacao.com\/1\/wp-json\/wp\/v2\/posts\/71728","targetHints":{"allow":["GET"]}}],"collection":[{"href":"https:\/\/www.caririemacao.com\/1\/wp-json\/wp\/v2\/posts"}],"about":[{"href":"https:\/\/www.caririemacao.com\/1\/wp-json\/wp\/v2\/types\/post"}],"author":[{"embeddable":true,"href":"https:\/\/www.caririemacao.com\/1\/wp-json\/wp\/v2\/users\/1"}],"replies":[{"embeddable":true,"href":"https:\/\/www.caririemacao.com\/1\/wp-json\/wp\/v2\/comments?post=71728"}],"version-history":[{"count":1,"href":"https:\/\/www.caririemacao.com\/1\/wp-json\/wp\/v2\/posts\/71728\/revisions"}],"predecessor-version":[{"id":71730,"href":"https:\/\/www.caririemacao.com\/1\/wp-json\/wp\/v2\/posts\/71728\/revisions\/71730"}],"wp:featuredmedia":[{"embeddable":true,"href":"https:\/\/www.caririemacao.com\/1\/wp-json\/wp\/v2\/media\/71729"}],"wp:attachment":[{"href":"https:\/\/www.caririemacao.com\/1\/wp-json\/wp\/v2\/media?parent=71728"}],"wp:term":[{"taxonomy":"category","embeddable":true,"href":"https:\/\/www.caririemacao.com\/1\/wp-json\/wp\/v2\/categories?post=71728"},{"taxonomy":"post_tag","embeddable":true,"href":"https:\/\/www.caririemacao.com\/1\/wp-json\/wp\/v2\/tags?post=71728"}],"curies":[{"name":"wp","href":"https:\/\/api.w.org\/{rel}","templated":true}]}}