{"id":71731,"date":"2018-11-09T15:15:25","date_gmt":"2018-11-09T18:15:25","guid":{"rendered":"http:\/\/www.caririemacao.com\/1\/?p=71731"},"modified":"2018-11-09T15:15:25","modified_gmt":"2018-11-09T18:15:25","slug":"camalau-sera-sede-do-miss-e-mister-do-cariri-paraibano-evento-acontece-dia-24-de-novembro","status":"publish","type":"post","link":"https:\/\/www.caririemacao.com\/1\/2018\/11\/09\/camalau-sera-sede-do-miss-e-mister-do-cariri-paraibano-evento-acontece-dia-24-de-novembro\/","title":{"rendered":"Camala\u00fa ser\u00e1 sede do Miss e Mister do Cariri Paraibano \u2013 evento acontece dia 24 de novembro"},"content":{"rendered":"<p>Um evento que vem rodando o Cariri ao longo dos anos, ter\u00e1 como sede neste ano de 2018 a cidade de Camala\u00fa. Trata-se do concurso Miss e Mister do Cariri Paraibano. O evento j\u00e1 aconteceu em Serra Branca, Gurj\u00e3o (tr\u00eas anos seguidos), Cabaceiras e Congo.<\/p>\n<p>O evento conta com a presen\u00e7a de jovens de v\u00e1rias localidades do Cariri Paraibano, que estar\u00e3o na oportunidade representando suas respectivas cidades.<\/p>\n<div class=\"OxMScaMu\"><ins class=\"adsbygoogle\" data-ad-client=\"ca-pub-2976411263599525\" data-ad-slot=\"7993921194\" data-ad-format=\"auto\" data-adsbygoogle-status=\"done\"><ins id=\"aswift_0_expand\"><ins id=\"aswift_0_anchor\"><\/ins><\/ins><\/ins>Os vencedores representar\u00e3o o Cariri Paraibano na etapa estadual no m\u00eas de dezembro.<\/div>\n<p>Al\u00e9m de tudo isso, o evento tem uma proposta de solidariedade, pois para assistir o evento o expectador colabora com 1kg de alimento n\u00e3o perec\u00edvel, que ser\u00e1 destinado as fam\u00edlias carentes do munic\u00edpio de Camala\u00fa durante o natal.<\/p>\n<p>O evento ocorrer\u00e1 no dia 24 de novembro no Centro de Educa\u00e7\u00e3o e Cultura, a partir das 19:00<\/p>\n<p>O evento conta com o apoio do Governo Municipal de Camala\u00fa.<\/p>\n<p>Camalau Not\u00edcias<\/p>\n","protected":false},"excerpt":{"rendered":"<p>Um evento que vem rodando o Cariri ao longo dos anos, ter\u00e1 como sede neste ano de 2018 a cidade de Camala\u00fa. Trata-se do concurso&hellip; <\/p>\n","protected":false},"author":1,"featured_media":71733,"comment_status":"closed","ping_status":"closed","sticky":false,"template":"","format":"standard","meta":{"sfsi_plus_gutenberg_text_before_share":"","sfsi_plus_gutenberg_show_text_before_share":"","sfsi_plus_gutenberg_icon_type":"","sfsi_plus_gutenberg_icon_alignemt":"","sfsi_plus_gutenburg_max_per_row":"","footnotes":""},"categories":[6],"tags":[],"class_list":["post-71731","post","type-post","status-publish","format-standard","has-post-thumbnail","hentry","category-cidades"],"_links":{"self":[{"href":"https:\/\/www.caririemacao.com\/1\/wp-json\/wp\/v2\/posts\/71731","targetHints":{"allow":["GET"]}}],"collection":[{"href":"https:\/\/www.caririemacao.com\/1\/wp-json\/wp\/v2\/posts"}],"about":[{"href":"https:\/\/www.caririemacao.com\/1\/wp-json\/wp\/v2\/types\/post"}],"author":[{"embeddable":true,"href":"https:\/\/www.caririemacao.com\/1\/wp-json\/wp\/v2\/users\/1"}],"replies":[{"embeddable":true,"href":"https:\/\/www.caririemacao.com\/1\/wp-json\/wp\/v2\/comments?post=71731"}],"version-history":[{"count":1,"href":"https:\/\/www.caririemacao.com\/1\/wp-json\/wp\/v2\/posts\/71731\/revisions"}],"predecessor-version":[{"id":71734,"href":"https:\/\/www.caririemacao.com\/1\/wp-json\/wp\/v2\/posts\/71731\/revisions\/71734"}],"wp:featuredmedia":[{"embeddable":true,"href":"https:\/\/www.caririemacao.com\/1\/wp-json\/wp\/v2\/media\/71733"}],"wp:attachment":[{"href":"https:\/\/www.caririemacao.com\/1\/wp-json\/wp\/v2\/media?parent=71731"}],"wp:term":[{"taxonomy":"category","embeddable":true,"href":"https:\/\/www.caririemacao.com\/1\/wp-json\/wp\/v2\/categories?post=71731"},{"taxonomy":"post_tag","embeddable":true,"href":"https:\/\/www.caririemacao.com\/1\/wp-json\/wp\/v2\/tags?post=71731"}],"curies":[{"name":"wp","href":"https:\/\/api.w.org\/{rel}","templated":true}]}}